{"id":26767,"date":"2025-02-24T12:14:13","date_gmt":"2025-02-24T11:14:13","guid":{"rendered":"https:\/\/radiokfor.com\/2\/?p=26767"},"modified":"2025-02-24T12:14:13","modified_gmt":"2025-02-24T11:14:13","slug":"izlozba-razmena-perspektiva-u-evropskoj-kuci","status":"publish","type":"post","link":"https:\/\/radiokfor.com\/2\/izlozba-razmena-perspektiva-u-evropskoj-kuci\/","title":{"rendered":"Izlo\u017eba \u201eRazmena perspektiva\u201d u Evropskoj ku\u0107i"},"content":{"rendered":"<p>Izlo\u017eba pod nazivom \u201eRazmena perspektiva\u201d bi\u0107e otvorena u sredu, 26. februara, u Evropskoj ku\u0107i, u Severnoj Mitrovici, a dva dana kasnije i u Pri\u0161tini.<\/p>\n<p>Evropska ku\u0107a ovim doga\u0111ajem organizuje kulturnu razmenu izme\u0111u Pri\u0161tine i Severne Mitrovice. Izlo\u017eba predstavlja retrospektivu radova koji su prethodno bili izlo\u017eeni u Evropskoj ku\u0107i u Severnoj Mitrovici tokom 2024. godine, a sada \u0107e biti predstavljeni i u Pri\u0161tini i obratno.<\/p>\n<p>Izlo\u017eba donosi radove srpskih umetnika sa severa Kosova koji istra\u017euju teme koje su oblikovale umetni\u010dki program izlo\u017ebi u Severnoj Mitrovici tokom pro\u0161le godine. Tako\u0111e, izlo\u017ebom \u0107e biti predstavljeni radovi studenata Fakulteta umetnosti u Pri\u0161tini, donose\u0107i sve\u017ee i inovativne perspektive mladih umetnika.<\/p>\n<p>\u201eTo je prilika da se do\u017eivi umetni\u010dki dijalog koji povezuje zajednice i perspektive kroz kreativnost\u201c, nagla\u0161avaju organizatori.<\/p>\n<p>Doga\u0111aj po\u010dinje u 17.00 \u010dasova.<\/p>\n<p>Nakon otvaranja izlo\u017ebe u Severnoj Mitrovici, radovi \u0107e biti postavljeni i u Evropskoj ku\u0107i u Pri\u0161tini, 28. februara, sa po\u010detkom u 18 \u010dasova.<\/p>\n","protected":false},"excerpt":{"rendered":"<p>Izlo\u017eba pod nazivom \u201eRazmena perspektiva\u201d bi\u0107e otvorena u sredu, 26. februara, u Evropskoj ku\u0107i, u Severnoj Mitrovici, a dva dana kasnije i u Pri\u0161tini. Evropska ku\u0107a ovim doga\u0111ajem organizuje kulturnu razmenu izme\u0111u Pri\u0161tine i Severne Mitrovice. Izlo\u017eba predstavlja retrospektivu radova koji su prethodno bili izlo\u017eeni u Evropskoj ku\u0107i u Severnoj Mitrovici tokom 2024. godine, a&hellip;<\/p>\n","protected":false},"author":2,"featured_media":26768,"comment_status":"closed","ping_status":"closed","sticky":false,"template":"","format":"standard","meta":{"footnotes":""},"categories":[2],"tags":[],"class_list":["post-26767","post","type-post","status-publish","format-standard","has-post-thumbnail","hentry","category-news","category-2","description-off"],"_links":{"self":[{"href":"https:\/\/radiokfor.com\/2\/wp-json\/wp\/v2\/posts\/26767","targetHints":{"allow":["GET"]}}],"collection":[{"href":"https:\/\/radiokfor.com\/2\/wp-json\/wp\/v2\/posts"}],"about":[{"href":"https:\/\/radiokfor.com\/2\/wp-json\/wp\/v2\/types\/post"}],"author":[{"embeddable":true,"href":"https:\/\/radiokfor.com\/2\/wp-json\/wp\/v2\/users\/2"}],"replies":[{"embeddable":true,"href":"https:\/\/radiokfor.com\/2\/wp-json\/wp\/v2\/comments?post=26767"}],"version-history":[{"count":1,"href":"https:\/\/radiokfor.com\/2\/wp-json\/wp\/v2\/posts\/26767\/revisions"}],"predecessor-version":[{"id":26769,"href":"https:\/\/radiokfor.com\/2\/wp-json\/wp\/v2\/posts\/26767\/revisions\/26769"}],"wp:featuredmedia":[{"embeddable":true,"href":"https:\/\/radiokfor.com\/2\/wp-json\/wp\/v2\/media\/26768"}],"wp:attachment":[{"href":"https:\/\/radiokfor.com\/2\/wp-json\/wp\/v2\/media?parent=26767"}],"wp:term":[{"taxonomy":"category","embeddable":true,"href":"https:\/\/radiokfor.com\/2\/wp-json\/wp\/v2\/categories?post=26767"},{"taxonomy":"post_tag","embeddable":true,"href":"https:\/\/radiokfor.com\/2\/wp-json\/wp\/v2\/tags?post=26767"}],"curies":[{"name":"wp","href":"https:\/\/api.w.org\/{rel}","templated":true}]}}