{"id":26735,"date":"2025-02-20T00:00:24","date_gmt":"2025-02-19T23:00:24","guid":{"rendered":"https:\/\/radiokfor.com\/2\/?p=26735"},"modified":"2025-02-17T15:42:39","modified_gmt":"2025-02-17T14:42:39","slug":"svetski-dan-socijalne-pravde-3","status":"publish","type":"post","link":"https:\/\/radiokfor.com\/2\/svetski-dan-socijalne-pravde-3\/","title":{"rendered":"Svetski dan socijalne pravde"},"content":{"rendered":"<p>Svetski dan socijalne pravde ustanovljen je od strane Ujedinjenih nacija kako bi se skrenula pa\u017enja na va\u017enost ostvarivanja socijalne pravde, jednakih prava i dru\u0161tvene inkluzije. Ovaj dan podse\u0107a na to da je u savremenom dru\u0161tvu klju\u010dno smanjiti siroma\u0161tvo, diskriminaciju i sve oblike nejednakosti, te pru\u017eiti svim ljudima jednake \u0161anse i pristup resursima.<\/p>\n<p>Svetski dan socijalne pravde poziva na globalnu akciju u cilju unapre\u0111enja dru\u0161tvenih politika koje se bave pitanjima zapo\u0161ljavanja, obrazovanja, zdravstva i pristupa osnovnim pravima, \u010dime se doprinosi izgradnji dru\u0161tava temeljenih na pravdi i solidarnosti. Ujedinjene nacije nagla\u0161avaju va\u017enost ja\u010danja socijalnih i ekonomskih sistema koji podr\u017eavaju marginalizovane grupe, uklju\u010duju\u0107i \u017eene, decu, osobe sa invaliditetom, manjine i sve one koji su izlo\u017eeni diskriminaciji.<\/p>\n<p>Cilj Svetskog dana socijalne pravde nije samo podizanje svesti, ve\u0107 i motivisanje dr\u017eava i pojedinaca na konkretne akcije koje \u0107e doprineti smanjenju globalnih nejednakosti i izgradnji pravednijeg sveta za sve.<\/p>\n","protected":false},"excerpt":{"rendered":"<p>Svetski dan socijalne pravde ustanovljen je od strane Ujedinjenih nacija kako bi se skrenula pa\u017enja na va\u017enost ostvarivanja socijalne pravde, jednakih prava i dru\u0161tvene inkluzije. Ovaj dan podse\u0107a na to da je u savremenom dru\u0161tvu klju\u010dno smanjiti siroma\u0161tvo, diskriminaciju i sve oblike nejednakosti, te pru\u017eiti svim ljudima jednake \u0161anse i pristup resursima. Svetski dan socijalne&hellip;<\/p>\n","protected":false},"author":11,"featured_media":26737,"comment_status":"closed","ping_status":"closed","sticky":false,"template":"","format":"standard","meta":{"footnotes":""},"categories":[2],"tags":[],"class_list":["post-26735","post","type-post","status-publish","format-standard","has-post-thumbnail","hentry","category-news","category-2","description-off"],"_links":{"self":[{"href":"https:\/\/radiokfor.com\/2\/wp-json\/wp\/v2\/posts\/26735","targetHints":{"allow":["GET"]}}],"collection":[{"href":"https:\/\/radiokfor.com\/2\/wp-json\/wp\/v2\/posts"}],"about":[{"href":"https:\/\/radiokfor.com\/2\/wp-json\/wp\/v2\/types\/post"}],"author":[{"embeddable":true,"href":"https:\/\/radiokfor.com\/2\/wp-json\/wp\/v2\/users\/11"}],"replies":[{"embeddable":true,"href":"https:\/\/radiokfor.com\/2\/wp-json\/wp\/v2\/comments?post=26735"}],"version-history":[{"count":1,"href":"https:\/\/radiokfor.com\/2\/wp-json\/wp\/v2\/posts\/26735\/revisions"}],"predecessor-version":[{"id":26736,"href":"https:\/\/radiokfor.com\/2\/wp-json\/wp\/v2\/posts\/26735\/revisions\/26736"}],"wp:featuredmedia":[{"embeddable":true,"href":"https:\/\/radiokfor.com\/2\/wp-json\/wp\/v2\/media\/26737"}],"wp:attachment":[{"href":"https:\/\/radiokfor.com\/2\/wp-json\/wp\/v2\/media?parent=26735"}],"wp:term":[{"taxonomy":"category","embeddable":true,"href":"https:\/\/radiokfor.com\/2\/wp-json\/wp\/v2\/categories?post=26735"},{"taxonomy":"post_tag","embeddable":true,"href":"https:\/\/radiokfor.com\/2\/wp-json\/wp\/v2\/tags?post=26735"}],"curies":[{"name":"wp","href":"https:\/\/api.w.org\/{rel}","templated":true}]}}