{"id":26386,"date":"2025-01-14T12:06:42","date_gmt":"2025-01-14T11:06:42","guid":{"rendered":"https:\/\/radiokfor.com\/2\/?p=26386"},"modified":"2025-01-14T12:06:42","modified_gmt":"2025-01-14T11:06:42","slug":"svetski-dan-logike","status":"publish","type":"post","link":"https:\/\/radiokfor.com\/2\/svetski-dan-logike\/","title":{"rendered":"Svetski dan logike"},"content":{"rendered":"<p>Svetski dan logike, koji se obele\u017eava 14. januara, posve\u0107en je isticanju zna\u010daja logike u svakodnevnom \u017eivotu i njenoj primeni u razli\u010ditim oblastima. Ovaj dan ima za cilj da podstakne ljude na razmi\u0161ljanje o pravilima dono\u0161enja zaklju\u010daka i odluka, kao i da podigne svest o tome kako logika poma\u017ee u analizi argumenata i dono\u0161enju racionalnih odluka.<\/p>\n<p>Logika je klju\u010dni deo matematike koji omogu\u0107ava razumevanje i primenu pravilnosti u zaklju\u010divanju. Povodom Svetskog dana logike, \u0161irom sveta organizuju se raznovrsne aktivnosti, uklju\u010duju\u0107i predavanja, radionice i kvizove, kako bi se zainteresovani upoznali sa njenim prakti\u010dnim primenama. Ove aktivnosti, koje se obi\u010dno odr\u017eavaju u \u0161kolama, univerzitetima i drugim institucijama, omogu\u0107avaju u\u010desnicima da prodube svoje razumevanje ove oblasti.<\/p>\n<p>Ovaj dan pru\u017ea priliku da se naglasi zna\u010daj logike u nauci, tehnologiji, politici i dru\u0161tvu, kao i da se promovi\u0161e kriti\u010dko razmi\u0161ljanje, koje je od esencijalne va\u017enosti za dono\u0161enje mudrih i racionalnih odluka.<\/p>\n","protected":false},"excerpt":{"rendered":"<p>Svetski dan logike, koji se obele\u017eava 14. januara, posve\u0107en je isticanju zna\u010daja logike u svakodnevnom \u017eivotu i njenoj primeni u razli\u010ditim oblastima. Ovaj dan ima za cilj da podstakne ljude na razmi\u0161ljanje o pravilima dono\u0161enja zaklju\u010daka i odluka, kao i da podigne svest o tome kako logika poma\u017ee u analizi argumenata i dono\u0161enju racionalnih odluka.&hellip;<\/p>\n","protected":false},"author":2,"featured_media":26387,"comment_status":"closed","ping_status":"closed","sticky":false,"template":"","format":"standard","meta":{"footnotes":""},"categories":[2],"tags":[],"class_list":["post-26386","post","type-post","status-publish","format-standard","has-post-thumbnail","hentry","category-news","category-2","description-off"],"_links":{"self":[{"href":"https:\/\/radiokfor.com\/2\/wp-json\/wp\/v2\/posts\/26386","targetHints":{"allow":["GET"]}}],"collection":[{"href":"https:\/\/radiokfor.com\/2\/wp-json\/wp\/v2\/posts"}],"about":[{"href":"https:\/\/radiokfor.com\/2\/wp-json\/wp\/v2\/types\/post"}],"author":[{"embeddable":true,"href":"https:\/\/radiokfor.com\/2\/wp-json\/wp\/v2\/users\/2"}],"replies":[{"embeddable":true,"href":"https:\/\/radiokfor.com\/2\/wp-json\/wp\/v2\/comments?post=26386"}],"version-history":[{"count":1,"href":"https:\/\/radiokfor.com\/2\/wp-json\/wp\/v2\/posts\/26386\/revisions"}],"predecessor-version":[{"id":26388,"href":"https:\/\/radiokfor.com\/2\/wp-json\/wp\/v2\/posts\/26386\/revisions\/26388"}],"wp:featuredmedia":[{"embeddable":true,"href":"https:\/\/radiokfor.com\/2\/wp-json\/wp\/v2\/media\/26387"}],"wp:attachment":[{"href":"https:\/\/radiokfor.com\/2\/wp-json\/wp\/v2\/media?parent=26386"}],"wp:term":[{"taxonomy":"category","embeddable":true,"href":"https:\/\/radiokfor.com\/2\/wp-json\/wp\/v2\/categories?post=26386"},{"taxonomy":"post_tag","embeddable":true,"href":"https:\/\/radiokfor.com\/2\/wp-json\/wp\/v2\/tags?post=26386"}],"curies":[{"name":"wp","href":"https:\/\/api.w.org\/{rel}","templated":true}]}}