{"id":26234,"date":"2024-12-27T10:00:41","date_gmt":"2024-12-27T09:00:41","guid":{"rendered":"https:\/\/radiokfor.com\/2\/?p=26234"},"modified":"2024-12-27T10:00:41","modified_gmt":"2024-12-27T09:00:41","slug":"medunarodni-dan-borbe-protiv-epidemije-3","status":"publish","type":"post","link":"https:\/\/radiokfor.com\/2\/medunarodni-dan-borbe-protiv-epidemije-3\/","title":{"rendered":"Me\u0111unarodni dan borbe protiv epidemije"},"content":{"rendered":"<p>Danas, 27. decembra, obele\u017eava se Me\u0111unarodni dan spremnosti i borbe protiv epidemije, koji podse\u0107a na va\u017enost globalne pripremljenosti za epidemije i pandemije. Ovaj dan isti\u010de potrebu za saradnjom me\u0111u dr\u017eavama i organizacijama u prevenciji i kontrolisanju zaraznih bolesti.<\/p>\n<p>Tema ovogodi\u0161njeg dana fokusira se na prevenciju, pripremu i koordinaciju u borbi protiv epidemija, nagla\u0161avaju\u0107i va\u017enost br\u017eeg i efikasnijeg odgovora, \u0161to je postalo jasno tokom pandemije COVID-19.<\/p>\n<p>Me\u0111unarodni dan podse\u0107a na potrebu za ja\u010danjem zdravstvenih sistema, unapre\u0111enjem istra\u017eivanja i razvoja vakcina, kao i edukacijom o preventivnim merama. Ovaj dan poziva na globalnu solidarnost kako bi se osigurala bolja spremnost za budu\u0107e zdravstvene krize.<\/p>\n","protected":false},"excerpt":{"rendered":"<p>Danas, 27. decembra, obele\u017eava se Me\u0111unarodni dan spremnosti i borbe protiv epidemije, koji podse\u0107a na va\u017enost globalne pripremljenosti za epidemije i pandemije. Ovaj dan isti\u010de potrebu za saradnjom me\u0111u dr\u017eavama i organizacijama u prevenciji i kontrolisanju zaraznih bolesti. Tema ovogodi\u0161njeg dana fokusira se na prevenciju, pripremu i koordinaciju u borbi protiv epidemija, nagla\u0161avaju\u0107i va\u017enost br\u017eeg&hellip;<\/p>\n","protected":false},"author":13,"featured_media":26235,"comment_status":"closed","ping_status":"closed","sticky":false,"template":"","format":"standard","meta":{"footnotes":""},"categories":[2],"tags":[],"class_list":["post-26234","post","type-post","status-publish","format-standard","has-post-thumbnail","hentry","category-news","category-2","description-off"],"_links":{"self":[{"href":"https:\/\/radiokfor.com\/2\/wp-json\/wp\/v2\/posts\/26234","targetHints":{"allow":["GET"]}}],"collection":[{"href":"https:\/\/radiokfor.com\/2\/wp-json\/wp\/v2\/posts"}],"about":[{"href":"https:\/\/radiokfor.com\/2\/wp-json\/wp\/v2\/types\/post"}],"author":[{"embeddable":true,"href":"https:\/\/radiokfor.com\/2\/wp-json\/wp\/v2\/users\/13"}],"replies":[{"embeddable":true,"href":"https:\/\/radiokfor.com\/2\/wp-json\/wp\/v2\/comments?post=26234"}],"version-history":[{"count":1,"href":"https:\/\/radiokfor.com\/2\/wp-json\/wp\/v2\/posts\/26234\/revisions"}],"predecessor-version":[{"id":26236,"href":"https:\/\/radiokfor.com\/2\/wp-json\/wp\/v2\/posts\/26234\/revisions\/26236"}],"wp:featuredmedia":[{"embeddable":true,"href":"https:\/\/radiokfor.com\/2\/wp-json\/wp\/v2\/media\/26235"}],"wp:attachment":[{"href":"https:\/\/radiokfor.com\/2\/wp-json\/wp\/v2\/media?parent=26234"}],"wp:term":[{"taxonomy":"category","embeddable":true,"href":"https:\/\/radiokfor.com\/2\/wp-json\/wp\/v2\/categories?post=26234"},{"taxonomy":"post_tag","embeddable":true,"href":"https:\/\/radiokfor.com\/2\/wp-json\/wp\/v2\/tags?post=26234"}],"curies":[{"name":"wp","href":"https:\/\/api.w.org\/{rel}","templated":true}]}}