{"id":26227,"date":"2025-01-02T00:28:14","date_gmt":"2025-01-01T23:28:14","guid":{"rendered":"https:\/\/radiokfor.com\/2\/?p=26227"},"modified":"2024-12-26T12:31:24","modified_gmt":"2024-12-26T11:31:24","slug":"medunarodni-mesec-kreativnosti","status":"publish","type":"post","link":"https:\/\/radiokfor.com\/2\/medunarodni-mesec-kreativnosti\/","title":{"rendered":"Me\u0111unarodni mesec kreativnosti"},"content":{"rendered":"<p>Januar se \u0161irom sveta obele\u017eava kao Me\u0111unarodni mesec kreativnosti, posve\u0107en slavljenu ljudske ma\u0161te, inovacija i umetni\u010dkog izra\u017eavanja. Ova inicijativa ima za cilj da podstakne ljude svih uzrasta da istra\u017ee sopstvenu kreativnost i primene je u razli\u010ditim aspektima \u017eivota.<\/p>\n<p>Kreativnost nije rezervisana samo za umetnike i pisce \u2013 ona se ogleda i u svakodnevnim aktivnostima, poput re\u0161avanja problema, pripremanja obroka ili pronala\u017eenja novih na\u010dina komunikacije. Tokom ovog meseca organizuju se radionice, izlo\u017ebe, takmi\u010denja i predavanja koja motivi\u0161u u\u010desnike da razmi\u0161ljaju \u201eizvan okvira.\u201c<\/p>\n<p>Poseban akcenat stavlja se na decu i mlade, kako bi se kod njih podstakla radoznalost i samopouzdanje u izra\u017eavanju ideja. Pored toga, korporacije koriste ovaj period za osmi\u0161ljavanje inovativnih strategija i pobolj\u0161anje timske saradnje.<\/p>\n","protected":false},"excerpt":{"rendered":"<p>Januar se \u0161irom sveta obele\u017eava kao Me\u0111unarodni mesec kreativnosti, posve\u0107en slavljenu ljudske ma\u0161te, inovacija i umetni\u010dkog izra\u017eavanja. Ova inicijativa ima za cilj da podstakne ljude svih uzrasta da istra\u017ee sopstvenu kreativnost i primene je u razli\u010ditim aspektima \u017eivota. Kreativnost nije rezervisana samo za umetnike i pisce \u2013 ona se ogleda i u svakodnevnim aktivnostima, poput&hellip;<\/p>\n","protected":false},"author":2,"featured_media":26228,"comment_status":"closed","ping_status":"closed","sticky":false,"template":"","format":"standard","meta":{"footnotes":""},"categories":[2],"tags":[],"class_list":["post-26227","post","type-post","status-publish","format-standard","has-post-thumbnail","hentry","category-news","category-2","description-off"],"_links":{"self":[{"href":"https:\/\/radiokfor.com\/2\/wp-json\/wp\/v2\/posts\/26227","targetHints":{"allow":["GET"]}}],"collection":[{"href":"https:\/\/radiokfor.com\/2\/wp-json\/wp\/v2\/posts"}],"about":[{"href":"https:\/\/radiokfor.com\/2\/wp-json\/wp\/v2\/types\/post"}],"author":[{"embeddable":true,"href":"https:\/\/radiokfor.com\/2\/wp-json\/wp\/v2\/users\/2"}],"replies":[{"embeddable":true,"href":"https:\/\/radiokfor.com\/2\/wp-json\/wp\/v2\/comments?post=26227"}],"version-history":[{"count":1,"href":"https:\/\/radiokfor.com\/2\/wp-json\/wp\/v2\/posts\/26227\/revisions"}],"predecessor-version":[{"id":26229,"href":"https:\/\/radiokfor.com\/2\/wp-json\/wp\/v2\/posts\/26227\/revisions\/26229"}],"wp:featuredmedia":[{"embeddable":true,"href":"https:\/\/radiokfor.com\/2\/wp-json\/wp\/v2\/media\/26228"}],"wp:attachment":[{"href":"https:\/\/radiokfor.com\/2\/wp-json\/wp\/v2\/media?parent=26227"}],"wp:term":[{"taxonomy":"category","embeddable":true,"href":"https:\/\/radiokfor.com\/2\/wp-json\/wp\/v2\/categories?post=26227"},{"taxonomy":"post_tag","embeddable":true,"href":"https:\/\/radiokfor.com\/2\/wp-json\/wp\/v2\/tags?post=26227"}],"curies":[{"name":"wp","href":"https:\/\/api.w.org\/{rel}","templated":true}]}}