{"id":2615,"date":"2018-12-25T06:57:42","date_gmt":"2018-12-25T06:57:42","guid":{"rendered":"http:\/\/radiokfor.com\/2\/?p=2615"},"modified":"2018-12-25T06:57:42","modified_gmt":"2018-12-25T06:57:42","slug":"40-godina-umetnickog-rada-zvonka-pavlicica","status":"publish","type":"post","link":"https:\/\/radiokfor.com\/2\/40-godina-umetnickog-rada-zvonka-pavlicica\/","title":{"rendered":"40 godina umetni\u010dkog rada Zvonka Pavli\u010di\u0107a"},"content":{"rendered":"<p>Povodom jubileja 40 godina umetni\u010dkog rada istaknutog slikara Zvonka Pavli\u010di\u0107a, u sredu, 26. decembra 2018. godine, bi\u0107e otvorena izlo\u017eba pod nazivom\u00a0\u201cPobediti vidljivo\u201d u Gradskom muzeju u Severnoj Mitrovici.<\/p>\n<p>U pitanju je autorski projekat, istori\u010dara umetnosti dr Jelene Pavli\u010di\u0107, ina\u010de docenta Fakulteta umetnosti Univerziteta u Pri\u0161tini i profesora Filozofskog fakulteta Univerziteta u Beogradu profesora dr Dragana Bulatovi\u0107a.<\/p>\n<p>Zvonko Pavli\u010di\u0107 je tokom svog dugogodi\u0161njeg rada u velikoj meri doprineo afirmaciji i razvoju likovnih umetnosti na Kosovu, obrazovanju umetni\u010dkog podmlatka, ali i promociji nasle\u0111a Kosova.<\/p>\n<p>Zvonko Pavli\u010di\u0107 (Pe\u0107, 1960). Zavr\u0161io je \u0160kolu primenjenih umetnosti (Unutra\u0161nja arhitektura) u Pe\u0107i, Filozofski fakultet (Istorija umetnosti sa arheologijom) u Skoplju i ALU (slikarstvo) u Pri\u0161tini gde je i magistrirao. Do sada je izlagao na 39 samostalnih i preko 400 grupnih izlo\u017ebi u zemlji i inostranstvu. U\u010destvovao je u radu na vi\u0161e od 140 likovnih kolonija i simpozijumima. Za svoj umetni\u010dki rad u podru\u010dju slikarstva i crte\u017ea dobitnik je 20 stru\u010dnih i dru\u0161tvenih nagrada i priznanja, kao i ve\u0107i broj povelja i diploma za razvoj likovne umetnosti i kulture.<\/p>\n","protected":false},"excerpt":{"rendered":"<p>Povodom jubileja 40 godina umetni\u010dkog rada istaknutog slikara Zvonka Pavli\u010di\u0107a, u sredu, 26. decembra 2018. godine, bi\u0107e otvorena izlo\u017eba pod nazivom\u00a0\u201cPobediti vidljivo\u201d u Gradskom muzeju u Severnoj Mitrovici. U pitanju je autorski projekat, istori\u010dara umetnosti dr Jelene Pavli\u010di\u0107, ina\u010de docenta Fakulteta umetnosti Univerziteta u Pri\u0161tini i profesora Filozofskog fakulteta Univerziteta u Beogradu profesora dr Dragana&hellip;<\/p>\n","protected":false},"author":2,"featured_media":2617,"comment_status":"open","ping_status":"open","sticky":false,"template":"","format":"standard","meta":{"footnotes":""},"categories":[2],"tags":[591,162,944],"class_list":["post-2615","post","type-post","status-publish","format-standard","has-post-thumbnail","hentry","category-news","tag-izlozba-slika","tag-umetnost","tag-zvonko-pavlicic","category-2","description-off"],"_links":{"self":[{"href":"https:\/\/radiokfor.com\/2\/wp-json\/wp\/v2\/posts\/2615","targetHints":{"allow":["GET"]}}],"collection":[{"href":"https:\/\/radiokfor.com\/2\/wp-json\/wp\/v2\/posts"}],"about":[{"href":"https:\/\/radiokfor.com\/2\/wp-json\/wp\/v2\/types\/post"}],"author":[{"embeddable":true,"href":"https:\/\/radiokfor.com\/2\/wp-json\/wp\/v2\/users\/2"}],"replies":[{"embeddable":true,"href":"https:\/\/radiokfor.com\/2\/wp-json\/wp\/v2\/comments?post=2615"}],"version-history":[{"count":1,"href":"https:\/\/radiokfor.com\/2\/wp-json\/wp\/v2\/posts\/2615\/revisions"}],"predecessor-version":[{"id":2618,"href":"https:\/\/radiokfor.com\/2\/wp-json\/wp\/v2\/posts\/2615\/revisions\/2618"}],"wp:featuredmedia":[{"embeddable":true,"href":"https:\/\/radiokfor.com\/2\/wp-json\/wp\/v2\/media\/2617"}],"wp:attachment":[{"href":"https:\/\/radiokfor.com\/2\/wp-json\/wp\/v2\/media?parent=2615"}],"wp:term":[{"taxonomy":"category","embeddable":true,"href":"https:\/\/radiokfor.com\/2\/wp-json\/wp\/v2\/categories?post=2615"},{"taxonomy":"post_tag","embeddable":true,"href":"https:\/\/radiokfor.com\/2\/wp-json\/wp\/v2\/tags?post=2615"}],"curies":[{"name":"wp","href":"https:\/\/api.w.org\/{rel}","templated":true}]}}