{"id":25878,"date":"2024-11-20T09:55:11","date_gmt":"2024-11-20T08:55:11","guid":{"rendered":"https:\/\/radiokfor.com\/2\/?p=25878"},"modified":"2024-11-20T09:55:11","modified_gmt":"2024-11-20T08:55:11","slug":"svetski-dan-dece","status":"publish","type":"post","link":"https:\/\/radiokfor.com\/2\/svetski-dan-dece\/","title":{"rendered":"Svetski dan dece"},"content":{"rendered":"<p>Svetski dan dece, koji se obele\u017eava 20. novembra, posve\u0107en je pravima i potrebama dece \u0161irom sveta. Ovaj dan podse\u0107a na va\u017enost za\u0161tite, obrazovanja i ljubavi za sve de\u010dje generacije. Datum je izabran jer je 20. novembra 1959. godine usvojena Deklaracija o pravima deteta, a 1989. godine i Konvencija o pravima deteta, koja defini\u0161e osnovna prava poput prava na obrazovanje, zdravlje i za\u0161titu.<\/p>\n<p>Svetski dan dece obele\u017eava se kroz razli\u010dite aktivnosti, edukativne programe i kampanje koje podsti\u010du na ulaganje u decu, smanjenje siroma\u0161tva i neravnopravnosti. Ovaj dan je prilika da se podsetimo na izazove s kojima se deca suo\u010davaju i potrebu za ja\u010dim mehanizmima za\u0161tite, kako bi svako dete imalo sigurno i zdravo okru\u017eenje za rast.<\/p>\n","protected":false},"excerpt":{"rendered":"<p>Svetski dan dece, koji se obele\u017eava 20. novembra, posve\u0107en je pravima i potrebama dece \u0161irom sveta. Ovaj dan podse\u0107a na va\u017enost za\u0161tite, obrazovanja i ljubavi za sve de\u010dje generacije. Datum je izabran jer je 20. novembra 1959. godine usvojena Deklaracija o pravima deteta, a 1989. godine i Konvencija o pravima deteta, koja defini\u0161e osnovna prava&hellip;<\/p>\n","protected":false},"author":13,"featured_media":25879,"comment_status":"closed","ping_status":"closed","sticky":false,"template":"","format":"standard","meta":{"footnotes":""},"categories":[2],"tags":[],"class_list":["post-25878","post","type-post","status-publish","format-standard","has-post-thumbnail","hentry","category-news","category-2","description-off"],"_links":{"self":[{"href":"https:\/\/radiokfor.com\/2\/wp-json\/wp\/v2\/posts\/25878","targetHints":{"allow":["GET"]}}],"collection":[{"href":"https:\/\/radiokfor.com\/2\/wp-json\/wp\/v2\/posts"}],"about":[{"href":"https:\/\/radiokfor.com\/2\/wp-json\/wp\/v2\/types\/post"}],"author":[{"embeddable":true,"href":"https:\/\/radiokfor.com\/2\/wp-json\/wp\/v2\/users\/13"}],"replies":[{"embeddable":true,"href":"https:\/\/radiokfor.com\/2\/wp-json\/wp\/v2\/comments?post=25878"}],"version-history":[{"count":1,"href":"https:\/\/radiokfor.com\/2\/wp-json\/wp\/v2\/posts\/25878\/revisions"}],"predecessor-version":[{"id":25880,"href":"https:\/\/radiokfor.com\/2\/wp-json\/wp\/v2\/posts\/25878\/revisions\/25880"}],"wp:featuredmedia":[{"embeddable":true,"href":"https:\/\/radiokfor.com\/2\/wp-json\/wp\/v2\/media\/25879"}],"wp:attachment":[{"href":"https:\/\/radiokfor.com\/2\/wp-json\/wp\/v2\/media?parent=25878"}],"wp:term":[{"taxonomy":"category","embeddable":true,"href":"https:\/\/radiokfor.com\/2\/wp-json\/wp\/v2\/categories?post=25878"},{"taxonomy":"post_tag","embeddable":true,"href":"https:\/\/radiokfor.com\/2\/wp-json\/wp\/v2\/tags?post=25878"}],"curies":[{"name":"wp","href":"https:\/\/api.w.org\/{rel}","templated":true}]}}