{"id":25705,"date":"2024-10-30T12:22:06","date_gmt":"2024-10-30T11:22:06","guid":{"rendered":"https:\/\/radiokfor.com\/2\/?p=25705"},"modified":"2024-10-30T12:22:06","modified_gmt":"2024-10-30T11:22:06","slug":"izlozba-slika-u-mitrovici-cak-cetiri-filma-u-gracanica","status":"publish","type":"post","link":"https:\/\/radiokfor.com\/2\/izlozba-slika-u-mitrovici-cak-cetiri-filma-u-gracanica\/","title":{"rendered":"Izlo\u017eba slika u Mitrovici, \u010dak \u010detiri filma u Gra\u010danica"},"content":{"rendered":"<p>U ovoj nedelji, od kulturnih de\u0161avanja izdvajamo izlo\u017ebu sliku u mitrova\u010dkoj Evropskoj ku\u0107i, ali i \u010dak \u010detiri filmske projekcije u dva dana, u bioskopu Gra\u010danica.<\/p>\n<p>U utorak, 29. oktobra, u Evropskoj ku\u0107i u Severnoj Mitrovici, odr\u017eana je izlo\u017eba slika mladog umetnika Pavla Rapaji\u0107a pod nazivom \u201eEvropski gradovi\u201c. Na izlo\u017ebi je predstavljeno 10 &#8211; 12 akrilnih slika koje prikazuju znamenitosti i duh evropskih metropola. Organizovana od strane Bojane Rapaji\u0107, izlo\u017eba je proslavila nove mogu\u0107nosti putovanja bez viznih prepreka, promovisala je lokalni umetni\u010dki talenat i govorila o ja\u010danju kulturnih veza u Evropi.<\/p>\n<p>Za sve ljubitelje sedme umetnosti, danas i sutra u bioskopu Gra\u010danica \u010dak \u010detiri filma. Ove srede od 18 \u010dasova na programu je poslednje poglavlje filma o pro\u017edrljivom vanzemaljcu &#8211; <strong>Venom 3: Poslednji ples<\/strong>. Ve\u0107 u 20 \u010dasova sledi premijera doma\u0107eg filma <strong>Prva klasa: Pun gas<\/strong>. U filmu, izme\u0111u ostalih, glume Miodrag Radonji\u0107, Nenad Jezdi\u0107, Olga Odanovi\u0107 i mnogi drugi.<\/p>\n<p>U \u010detvrtak, 31. oktobra o\u010dekuju vas projekcije jo\u0161 dva filma. Prvo \u0107e od 18 \u010dasova, za najmla\u0111e, biti prikazan animirani film <strong>Du\u0161ica Eli<\/strong>, a potom od 20 \u010dasova i premijera doma\u0107eg filma <strong>Izolacija<\/strong> sa Milo\u0161em Bikovi\u0107em u glavnoj ulozi. U pitanju je me\u0161avina trilera i horora i prilika da Bikovi\u0107a vidimo u jednoj druga\u010dijoj ulozi.<\/p>\n","protected":false},"excerpt":{"rendered":"<p>U ovoj nedelji, od kulturnih de\u0161avanja izdvajamo izlo\u017ebu sliku u mitrova\u010dkoj Evropskoj ku\u0107i, ali i \u010dak \u010detiri filmske projekcije u dva dana, u bioskopu Gra\u010danica. U utorak, 29. oktobra, u Evropskoj ku\u0107i u Severnoj Mitrovici, odr\u017eana je izlo\u017eba slika mladog umetnika Pavla Rapaji\u0107a pod nazivom \u201eEvropski gradovi\u201c. Na izlo\u017ebi je predstavljeno 10 &#8211; 12 akrilnih&hellip;<\/p>\n","protected":false},"author":2,"featured_media":25706,"comment_status":"closed","ping_status":"closed","sticky":false,"template":"","format":"standard","meta":{"footnotes":""},"categories":[2],"tags":[],"class_list":["post-25705","post","type-post","status-publish","format-standard","has-post-thumbnail","hentry","category-news","category-2","description-off"],"_links":{"self":[{"href":"https:\/\/radiokfor.com\/2\/wp-json\/wp\/v2\/posts\/25705","targetHints":{"allow":["GET"]}}],"collection":[{"href":"https:\/\/radiokfor.com\/2\/wp-json\/wp\/v2\/posts"}],"about":[{"href":"https:\/\/radiokfor.com\/2\/wp-json\/wp\/v2\/types\/post"}],"author":[{"embeddable":true,"href":"https:\/\/radiokfor.com\/2\/wp-json\/wp\/v2\/users\/2"}],"replies":[{"embeddable":true,"href":"https:\/\/radiokfor.com\/2\/wp-json\/wp\/v2\/comments?post=25705"}],"version-history":[{"count":1,"href":"https:\/\/radiokfor.com\/2\/wp-json\/wp\/v2\/posts\/25705\/revisions"}],"predecessor-version":[{"id":25707,"href":"https:\/\/radiokfor.com\/2\/wp-json\/wp\/v2\/posts\/25705\/revisions\/25707"}],"wp:featuredmedia":[{"embeddable":true,"href":"https:\/\/radiokfor.com\/2\/wp-json\/wp\/v2\/media\/25706"}],"wp:attachment":[{"href":"https:\/\/radiokfor.com\/2\/wp-json\/wp\/v2\/media?parent=25705"}],"wp:term":[{"taxonomy":"category","embeddable":true,"href":"https:\/\/radiokfor.com\/2\/wp-json\/wp\/v2\/categories?post=25705"},{"taxonomy":"post_tag","embeddable":true,"href":"https:\/\/radiokfor.com\/2\/wp-json\/wp\/v2\/tags?post=25705"}],"curies":[{"name":"wp","href":"https:\/\/api.w.org\/{rel}","templated":true}]}}