{"id":25603,"date":"2024-10-14T12:56:50","date_gmt":"2024-10-14T10:56:50","guid":{"rendered":"https:\/\/radiokfor.com\/2\/?p=25603"},"modified":"2024-10-14T12:56:50","modified_gmt":"2024-10-14T10:56:50","slug":"medunarodni-dan-postovanja-kulturne-raznolikosti","status":"publish","type":"post","link":"https:\/\/radiokfor.com\/2\/medunarodni-dan-postovanja-kulturne-raznolikosti\/","title":{"rendered":"Me\u0111unarodni dan po\u0161tovanja kulturne raznolikosti"},"content":{"rendered":"<p>Danas se \u0161irom sveta obele\u017eava Me\u0111unarodni dan po\u0161tovanja kulturne raznolikosti, koji ima za cilj podizanje svesti o zna\u010daju kulturnih razlika i promovisanje tolerancije i me\u0111usobnog razumevanja. Ova godi\u0161nja manifestacija, koju su proglasile Ujedinjene nacije, poziva na o\u010duvanje i unapre\u0111enje kulturne ba\u0161tine razli\u010ditih zajednica.<\/p>\n<p>U okviru obele\u017eavanja ovog dana, u mnogim zemljama odr\u017eavaju se koncerti na otvorenom, kao i raznovrsni sadr\u017eaji na kojima nastupaju umetnici iz razli\u010ditih kulturnih sredina, \u010dime se prikazuje bogata kulturna tapiserija sveta. Organizatori, uz podr\u0161ku UNESCO-a, pozivaju sve gra\u0111ane da se pridru\u017ee proslavi i u\u010destvuju u aktivnostima koje promovi\u0161u razumevanje i po\u0161tovanje me\u0111u razli\u010ditim kulturama.<\/p>\n<p>Me\u0111unarodni dan po\u0161tovanja kulturne raznolikosti podse\u0107a nas na to koliko je va\u017eno da u\u010dimo jedni od drugih i radimo zajedno na o\u010duvanju kulturne ba\u0161tine.<\/p>\n","protected":false},"excerpt":{"rendered":"<p>Danas se \u0161irom sveta obele\u017eava Me\u0111unarodni dan po\u0161tovanja kulturne raznolikosti, koji ima za cilj podizanje svesti o zna\u010daju kulturnih razlika i promovisanje tolerancije i me\u0111usobnog razumevanja. Ova godi\u0161nja manifestacija, koju su proglasile Ujedinjene nacije, poziva na o\u010duvanje i unapre\u0111enje kulturne ba\u0161tine razli\u010ditih zajednica. U okviru obele\u017eavanja ovog dana, u mnogim zemljama odr\u017eavaju se koncerti na&hellip;<\/p>\n","protected":false},"author":13,"featured_media":25604,"comment_status":"closed","ping_status":"closed","sticky":false,"template":"","format":"standard","meta":{"footnotes":""},"categories":[2],"tags":[],"class_list":["post-25603","post","type-post","status-publish","format-standard","has-post-thumbnail","hentry","category-news","category-2","description-off"],"_links":{"self":[{"href":"https:\/\/radiokfor.com\/2\/wp-json\/wp\/v2\/posts\/25603","targetHints":{"allow":["GET"]}}],"collection":[{"href":"https:\/\/radiokfor.com\/2\/wp-json\/wp\/v2\/posts"}],"about":[{"href":"https:\/\/radiokfor.com\/2\/wp-json\/wp\/v2\/types\/post"}],"author":[{"embeddable":true,"href":"https:\/\/radiokfor.com\/2\/wp-json\/wp\/v2\/users\/13"}],"replies":[{"embeddable":true,"href":"https:\/\/radiokfor.com\/2\/wp-json\/wp\/v2\/comments?post=25603"}],"version-history":[{"count":1,"href":"https:\/\/radiokfor.com\/2\/wp-json\/wp\/v2\/posts\/25603\/revisions"}],"predecessor-version":[{"id":25605,"href":"https:\/\/radiokfor.com\/2\/wp-json\/wp\/v2\/posts\/25603\/revisions\/25605"}],"wp:featuredmedia":[{"embeddable":true,"href":"https:\/\/radiokfor.com\/2\/wp-json\/wp\/v2\/media\/25604"}],"wp:attachment":[{"href":"https:\/\/radiokfor.com\/2\/wp-json\/wp\/v2\/media?parent=25603"}],"wp:term":[{"taxonomy":"category","embeddable":true,"href":"https:\/\/radiokfor.com\/2\/wp-json\/wp\/v2\/categories?post=25603"},{"taxonomy":"post_tag","embeddable":true,"href":"https:\/\/radiokfor.com\/2\/wp-json\/wp\/v2\/tags?post=25603"}],"curies":[{"name":"wp","href":"https:\/\/api.w.org\/{rel}","templated":true}]}}