{"id":25244,"date":"2024-09-09T13:40:57","date_gmt":"2024-09-09T11:40:57","guid":{"rendered":"https:\/\/radiokfor.com\/2\/?p=25244"},"modified":"2024-09-09T13:40:57","modified_gmt":"2024-09-09T11:40:57","slug":"medunarodni-dan-zastite-obrazovanja-od-napada-5","status":"publish","type":"post","link":"https:\/\/radiokfor.com\/2\/medunarodni-dan-zastite-obrazovanja-od-napada-5\/","title":{"rendered":"Me\u0111unarodni dan za\u0161tite obrazovanja od napada"},"content":{"rendered":"<p>Danas se \u0161irom sveta obele\u017eava Me\u0111unarodni dan za\u0161tite obrazovanja od napada, koji ima za cilj podizanje svesti o va\u017enosti sigurnosti obrazovnih institucija i u\u010denika u kriznim podru\u010djima. Ovaj dan je ustanovljen kako bi se skrenula pa\u017enja na sve \u010de\u0161\u0107e napade na \u0161kole i univerzitete u oblastima sukoba, koji ugro\u017eavaju pravo dece na obrazovanje.<\/p>\n<p>U svetu su organizovani razli\u010diti doga\u0111aji i aktivnosti u cilju podr\u0161ke ovoj inicijativi, uklju\u010duju\u0107i panel diskusije, izlo\u017ebe i radionice sa ciljem informisanja javnosti i pru\u017eanja pomo\u0107i onima koji su pogo\u0111eni nasiljem.<\/p>\n<p>Ovaj dan slu\u017ei kao podse\u0107anje da je obrazovanje osnovno ljudsko pravo koje treba za\u0161tititi i unaprediti, bez obzira na okolnosti. Organizatori pozivaju sve gra\u0111ane da se uklju\u010de u napore za o\u010duvanje sigurnosti \u0161kola i univerziteta i da pru\u017ee podr\u0161ku inicijativama koje te\u017ee obezbe\u0111ivanju stabilnog i sigurnog obrazovnog okru\u017eenja za sve.<\/p>\n","protected":false},"excerpt":{"rendered":"<p>Danas se \u0161irom sveta obele\u017eava Me\u0111unarodni dan za\u0161tite obrazovanja od napada, koji ima za cilj podizanje svesti o va\u017enosti sigurnosti obrazovnih institucija i u\u010denika u kriznim podru\u010djima. Ovaj dan je ustanovljen kako bi se skrenula pa\u017enja na sve \u010de\u0161\u0107e napade na \u0161kole i univerzitete u oblastima sukoba, koji ugro\u017eavaju pravo dece na obrazovanje. U svetu&hellip;<\/p>\n","protected":false},"author":2,"featured_media":25247,"comment_status":"closed","ping_status":"closed","sticky":false,"template":"","format":"standard","meta":{"footnotes":""},"categories":[2],"tags":[],"class_list":["post-25244","post","type-post","status-publish","format-standard","has-post-thumbnail","hentry","category-news","category-2","description-off"],"_links":{"self":[{"href":"https:\/\/radiokfor.com\/2\/wp-json\/wp\/v2\/posts\/25244","targetHints":{"allow":["GET"]}}],"collection":[{"href":"https:\/\/radiokfor.com\/2\/wp-json\/wp\/v2\/posts"}],"about":[{"href":"https:\/\/radiokfor.com\/2\/wp-json\/wp\/v2\/types\/post"}],"author":[{"embeddable":true,"href":"https:\/\/radiokfor.com\/2\/wp-json\/wp\/v2\/users\/2"}],"replies":[{"embeddable":true,"href":"https:\/\/radiokfor.com\/2\/wp-json\/wp\/v2\/comments?post=25244"}],"version-history":[{"count":1,"href":"https:\/\/radiokfor.com\/2\/wp-json\/wp\/v2\/posts\/25244\/revisions"}],"predecessor-version":[{"id":25246,"href":"https:\/\/radiokfor.com\/2\/wp-json\/wp\/v2\/posts\/25244\/revisions\/25246"}],"wp:featuredmedia":[{"embeddable":true,"href":"https:\/\/radiokfor.com\/2\/wp-json\/wp\/v2\/media\/25247"}],"wp:attachment":[{"href":"https:\/\/radiokfor.com\/2\/wp-json\/wp\/v2\/media?parent=25244"}],"wp:term":[{"taxonomy":"category","embeddable":true,"href":"https:\/\/radiokfor.com\/2\/wp-json\/wp\/v2\/categories?post=25244"},{"taxonomy":"post_tag","embeddable":true,"href":"https:\/\/radiokfor.com\/2\/wp-json\/wp\/v2\/tags?post=25244"}],"curies":[{"name":"wp","href":"https:\/\/api.w.org\/{rel}","templated":true}]}}