{"id":252,"date":"2018-08-27T15:22:46","date_gmt":"2018-08-27T15:22:46","guid":{"rendered":"http:\/\/radiokfor.com\/2\/?p=252"},"modified":"2018-11-27T15:25:32","modified_gmt":"2018-11-27T15:25:32","slug":"womens-equality-day","status":"publish","type":"post","link":"https:\/\/radiokfor.com\/2\/womens-equality-day\/","title":{"rendered":"Women\u2019s equality day"},"content":{"rendered":"<div class=\"description\">\n<p>U kampu Bondsteel kod Uro\u0161evca, proteklog vikenda odr\u017eana je panel diskusija pod nazivom Dan jednakosti \u017eena. \u010cetiri panelistkinje, govorile su o svojim iskustvima, li\u010dnim primerima, ali i ohrabrile prisutne da se i dalje bore jer velika borba za \u017eenska prava traje, uprkos velikoj emancipaciji i sve ve\u0107em broju \u017eena lidera koje svakako odlu\u010duju o sudbini \u010dove\u010danstva.<\/p>\n<p>Komandant KFOR-a Salvatore Cuocci istakao je da raznolikost treba biti pokreta\u010d sveta, i da je sre\u0107an \u0161to vidi spremnost ljudi da daju svoj doprinos ja\u010danju raznolikosti.<\/p>\n<p>\u201c\u017denska ravnopravnost, mislim, jednakost, je ono zbog \u010dega bih vam ponudio jo\u0161 jedan svet, svet koji nas inspiri\u0161e, ne zbog jednakosti, ve\u0107 zbog profesionalizma. Stoga, mi trebamo raditi ono \u0161to volimo i zauzeti polo\u017eaj sa kojeg bi se profesionalno pona\u0161ali prema svim propovedima sa kojima se susre\u0107emo u svetu, bez obzira na va\u0161 pol, va\u0161e ideale i sli\u010dno. Profesionalizam je klju\u010dna re\u010d, i to bi trebalo isticati!\u201d<\/p>\n<p>Posebnost ovakvih okupljanja se ogleda u tome da \u017eene imaju \u0161ansu da javno govore o svojim problemima, i istaknu zna\u010daj svog doprinosa zajednici, ali isto tako i saslu\u0161aju ostale, te zajedni\u010dkim naporima do\u0111u do re\u0161enja, ka\u017ee Savetnik za rodnu ravnopravnost pri KFOR-u, potpukovnik slovenske oru\u017eane snage, Suzana Tkavc.<\/p>\n<p>\u201eVerujem da je va\u017eno prisustvo \u017eena i mi stalno govorimo o tome. Me\u0111utim sa brojnim izazovima se svakodnevno suo\u010davaju, kako \u017eene i tako mu\u0161karci, jer smo svi deo dru\u0161tva, mi \u010dinimo dru\u0161tvo, pa je va\u017eno da se \u010dujemo, saslu\u0161amo jedni druge, jer mo\u017eda imamo razli\u010diti pogled na isto pitanje, a time doprinosimo pronalsku druga\u010dijih, sveobuhvatnih re\u0161enja, koji su bolji za celokupno dru\u0161tvo.\u201d<\/p>\n<p>Kaplar Kadheem Hala isti\u010de da je tajna uspeha vera u sebe, i da je Kosovo puno talentovane dece, koja se bore da ostvare svoje snove \u0161to ga izuzetno raduje, te napominje:<\/p>\n<p>\u201eImao sam dovoljno srec\u0301e da upoznam mlade devoj\u010dice i de\u010dake u \u0161kolama na Kosovu, a posebno devoj\u010dice. Ta deca su veoma inspirativna, govore vi\u0161e jezika, i vrlo su pametna, puna nade i snova, vrlo dobra generacija a ja im poru\u010dujem da nikad ne odustaju. Ako su va\u0161e okolnosti lo\u0161e i imate ograni\u010denja, znajte da ste sposobni da iza\u0111ete izvan ograni\u010denja i ako na neki na\u010din ne uspete pronac\u0301i re\u0161enje iz prvog puta, znajte da \u0107ete uspeti jedino ukoliko verujete u sebe!<\/p>\n<\/div>\n","protected":false},"excerpt":{"rendered":"<p>U kampu Bondsteel kod Uro\u0161evca, proteklog vikenda odr\u017eana je panel diskusija pod nazivom Dan jednakosti \u017eena. \u010cetiri panelistkinje, govorile su o svojim iskustvima, li\u010dnim primerima, ali i ohrabrile prisutne da se i dalje bore jer velika borba za \u017eenska prava traje, uprkos velikoj emancipaciji i sve ve\u0107em broju \u017eena lidera koje svakako odlu\u010duju o sudbini&hellip;<\/p>\n","protected":false},"author":2,"featured_media":92,"comment_status":"open","ping_status":"open","sticky":false,"template":"","format":"standard","meta":{"footnotes":""},"categories":[2],"tags":[53,36],"class_list":["post-252","post","type-post","status-publish","format-standard","has-post-thumbnail","hentry","category-news","tag-bondsteel","tag-kfor","category-2","description-off"],"_links":{"self":[{"href":"https:\/\/radiokfor.com\/2\/wp-json\/wp\/v2\/posts\/252","targetHints":{"allow":["GET"]}}],"collection":[{"href":"https:\/\/radiokfor.com\/2\/wp-json\/wp\/v2\/posts"}],"about":[{"href":"https:\/\/radiokfor.com\/2\/wp-json\/wp\/v2\/types\/post"}],"author":[{"embeddable":true,"href":"https:\/\/radiokfor.com\/2\/wp-json\/wp\/v2\/users\/2"}],"replies":[{"embeddable":true,"href":"https:\/\/radiokfor.com\/2\/wp-json\/wp\/v2\/comments?post=252"}],"version-history":[{"count":1,"href":"https:\/\/radiokfor.com\/2\/wp-json\/wp\/v2\/posts\/252\/revisions"}],"predecessor-version":[{"id":254,"href":"https:\/\/radiokfor.com\/2\/wp-json\/wp\/v2\/posts\/252\/revisions\/254"}],"wp:featuredmedia":[{"embeddable":true,"href":"https:\/\/radiokfor.com\/2\/wp-json\/wp\/v2\/media\/92"}],"wp:attachment":[{"href":"https:\/\/radiokfor.com\/2\/wp-json\/wp\/v2\/media?parent=252"}],"wp:term":[{"taxonomy":"category","embeddable":true,"href":"https:\/\/radiokfor.com\/2\/wp-json\/wp\/v2\/categories?post=252"},{"taxonomy":"post_tag","embeddable":true,"href":"https:\/\/radiokfor.com\/2\/wp-json\/wp\/v2\/tags?post=252"}],"curies":[{"name":"wp","href":"https:\/\/api.w.org\/{rel}","templated":true}]}}