{"id":24783,"date":"2024-07-30T10:43:28","date_gmt":"2024-07-30T08:43:28","guid":{"rendered":"https:\/\/radiokfor.com\/2\/?p=24783"},"modified":"2024-07-30T10:43:28","modified_gmt":"2024-07-30T08:43:28","slug":"svetski-dan-borbe-protiv-trgovine-ljudima-podizanje-svesti-i-poziv-na-akciju","status":"publish","type":"post","link":"https:\/\/radiokfor.com\/2\/svetski-dan-borbe-protiv-trgovine-ljudima-podizanje-svesti-i-poziv-na-akciju\/","title":{"rendered":"Svetski dan borbe protiv trgovine ljudima: Podizanje svesti i poziv na akciju"},"content":{"rendered":"<p>Danas, 30. jula, obele\u017eavamo Svetski dan borbe protiv trgovine ljudima, globalni doga\u0111aj \u010diji je cilj podizanje svesti o jednom od najmra\u010dnijih fenomena dana\u0161njice. Ustanovljen od strane Ujedinjenih nacija, ovaj dan predstavlja priliku da se osvrnemo na izazove s kojima se suo\u010davaju milioni ljudi \u0161irom sveta.<\/p>\n<p>Trgovina ljudima predstavlja surovi oblik modernog ropstva, gde su \u017ertve \u010desto izlo\u017eene ekstremnom iskori\u0161\u0107avanju i nasilju. Najugro\u017eenije grupe uklju\u010duju \u017eene, decu i migrante, koji su podlo\u017eni razli\u010ditim oblicima eksploatacije, rad u prisilnim uslovima ili prodaja organa.<\/p>\n<p>Podr\u0161ka Svetskom danu borbe protiv trgovine ljudima nije samo moralna obaveza, ve\u0107 i poziv na akciju svih nas. Pove\u0107ajmo svest, edukujmo se o znakovima trgovine ljudima i radimo zajedno na stvaranju dru\u0161tva gde svako ljudsko bi\u0107e ima pravo na slobodu i dostojanstven \u017eivot.<\/p>\n","protected":false},"excerpt":{"rendered":"<p>Danas, 30. jula, obele\u017eavamo Svetski dan borbe protiv trgovine ljudima, globalni doga\u0111aj \u010diji je cilj podizanje svesti o jednom od najmra\u010dnijih fenomena dana\u0161njice. Ustanovljen od strane Ujedinjenih nacija, ovaj dan predstavlja priliku da se osvrnemo na izazove s kojima se suo\u010davaju milioni ljudi \u0161irom sveta. Trgovina ljudima predstavlja surovi oblik modernog ropstva, gde su \u017ertve&hellip;<\/p>\n","protected":false},"author":2,"featured_media":24784,"comment_status":"closed","ping_status":"closed","sticky":false,"template":"","format":"standard","meta":{"footnotes":""},"categories":[2],"tags":[],"class_list":["post-24783","post","type-post","status-publish","format-standard","has-post-thumbnail","hentry","category-news","category-2","description-off"],"_links":{"self":[{"href":"https:\/\/radiokfor.com\/2\/wp-json\/wp\/v2\/posts\/24783","targetHints":{"allow":["GET"]}}],"collection":[{"href":"https:\/\/radiokfor.com\/2\/wp-json\/wp\/v2\/posts"}],"about":[{"href":"https:\/\/radiokfor.com\/2\/wp-json\/wp\/v2\/types\/post"}],"author":[{"embeddable":true,"href":"https:\/\/radiokfor.com\/2\/wp-json\/wp\/v2\/users\/2"}],"replies":[{"embeddable":true,"href":"https:\/\/radiokfor.com\/2\/wp-json\/wp\/v2\/comments?post=24783"}],"version-history":[{"count":1,"href":"https:\/\/radiokfor.com\/2\/wp-json\/wp\/v2\/posts\/24783\/revisions"}],"predecessor-version":[{"id":24785,"href":"https:\/\/radiokfor.com\/2\/wp-json\/wp\/v2\/posts\/24783\/revisions\/24785"}],"wp:featuredmedia":[{"embeddable":true,"href":"https:\/\/radiokfor.com\/2\/wp-json\/wp\/v2\/media\/24784"}],"wp:attachment":[{"href":"https:\/\/radiokfor.com\/2\/wp-json\/wp\/v2\/media?parent=24783"}],"wp:term":[{"taxonomy":"category","embeddable":true,"href":"https:\/\/radiokfor.com\/2\/wp-json\/wp\/v2\/categories?post=24783"},{"taxonomy":"post_tag","embeddable":true,"href":"https:\/\/radiokfor.com\/2\/wp-json\/wp\/v2\/tags?post=24783"}],"curies":[{"name":"wp","href":"https:\/\/api.w.org\/{rel}","templated":true}]}}