{"id":2405,"date":"2017-03-22T07:44:40","date_gmt":"2017-03-22T07:44:40","guid":{"rendered":"http:\/\/radiokfor.com\/2\/?p=2405"},"modified":"2018-12-11T07:46:21","modified_gmt":"2018-12-11T07:46:21","slug":"svetski-dan-voda-22-mart","status":"publish","type":"post","link":"https:\/\/radiokfor.com\/2\/svetski-dan-voda-22-mart\/","title":{"rendered":"Svetski dan voda, 22. mart"},"content":{"rendered":"<div>Proslava ovog praznika odre\u0111ena je usvajanjem rezolucije Generalne skup\u0161tine Ujedinjenih nacija u decembru 1992 godine. Ve\u0107 1993 godine prvi put je obele\u017een, a s vremenom je zna\u010daj ovoga praznika rastao. &#8220;Uloga vode je od su\u0161tinskog zna\u010daja za sva \u017eiva bi\u0107a i za planetu.<\/div>\n<div>Voda nam je potrebna za pi\u0107e, domove i ba\u0161te, ali je va\u017eno shvatiti zna\u010daj indirektne upotrebe vode kako u proizvodnji, tako i u snabdevanju i razvoju&#8221;, ka\u017ee za Radio KFOR portparol Regionalnog vodovoda Pri\u0161tina, Arberie Zogiani.<\/div>\n<div><\/div>\n<div>Danas vodu ne bi trebalo koristiti na nekontrolisan na\u010din, jer se tako smanjuju rezerve, i zato vodu treba \u0161tedeti kap po kap! &#8220;\u010cista voda, za zdrav \u017eivot! Samo voda mo\u017ee zameniti vodu!&#8221; poru\u010duje Arberie Zogiani, portparol Regionalnog vodovoda Pri\u0161tina.<\/div>\n<div><\/div>\n<div>Obele\u017eavanjem ovog dana UN \u017eeli da podseti na va\u017enost za\u0161tite vode i nedostatak vode za pi\u0107e u mnogim zemljama sveta, jer oko milijardu ljudi u svetu nema pristup sigurnoj pitkoj vodi, a 2,4 milijarde \u017eivi bez osnovnih sanitarnih uslova.<\/div>\n","protected":false},"excerpt":{"rendered":"<p>Proslava ovog praznika odre\u0111ena je usvajanjem rezolucije Generalne skup\u0161tine Ujedinjenih nacija u decembru 1992 godine. Ve\u0107 1993 godine prvi put je obele\u017een, a s vremenom je zna\u010daj ovoga praznika rastao. &#8220;Uloga vode je od su\u0161tinskog zna\u010daja za sva \u017eiva bi\u0107a i za planetu. Voda nam je potrebna za pi\u0107e, domove i ba\u0161te, ali je va\u017eno&hellip;<\/p>\n","protected":false},"author":2,"featured_media":1301,"comment_status":"open","ping_status":"open","sticky":false,"template":"","format":"standard","meta":{"footnotes":""},"categories":[2],"tags":[870],"class_list":["post-2405","post","type-post","status-publish","format-standard","has-post-thumbnail","hentry","category-news","tag-svetski-dan-voda","category-2","description-off"],"_links":{"self":[{"href":"https:\/\/radiokfor.com\/2\/wp-json\/wp\/v2\/posts\/2405","targetHints":{"allow":["GET"]}}],"collection":[{"href":"https:\/\/radiokfor.com\/2\/wp-json\/wp\/v2\/posts"}],"about":[{"href":"https:\/\/radiokfor.com\/2\/wp-json\/wp\/v2\/types\/post"}],"author":[{"embeddable":true,"href":"https:\/\/radiokfor.com\/2\/wp-json\/wp\/v2\/users\/2"}],"replies":[{"embeddable":true,"href":"https:\/\/radiokfor.com\/2\/wp-json\/wp\/v2\/comments?post=2405"}],"version-history":[{"count":1,"href":"https:\/\/radiokfor.com\/2\/wp-json\/wp\/v2\/posts\/2405\/revisions"}],"predecessor-version":[{"id":2407,"href":"https:\/\/radiokfor.com\/2\/wp-json\/wp\/v2\/posts\/2405\/revisions\/2407"}],"wp:featuredmedia":[{"embeddable":true,"href":"https:\/\/radiokfor.com\/2\/wp-json\/wp\/v2\/media\/1301"}],"wp:attachment":[{"href":"https:\/\/radiokfor.com\/2\/wp-json\/wp\/v2\/media?parent=2405"}],"wp:term":[{"taxonomy":"category","embeddable":true,"href":"https:\/\/radiokfor.com\/2\/wp-json\/wp\/v2\/categories?post=2405"},{"taxonomy":"post_tag","embeddable":true,"href":"https:\/\/radiokfor.com\/2\/wp-json\/wp\/v2\/tags?post=2405"}],"curies":[{"name":"wp","href":"https:\/\/api.w.org\/{rel}","templated":true}]}}