{"id":2397,"date":"2017-03-23T07:39:08","date_gmt":"2017-03-23T07:39:08","guid":{"rendered":"http:\/\/radiokfor.com\/2\/?p=2397"},"modified":"2018-12-11T07:41:47","modified_gmt":"2018-12-11T07:41:47","slug":"premijera-filma-biser-bojane-u-mitrovici","status":"publish","type":"post","link":"https:\/\/radiokfor.com\/2\/premijera-filma-biser-bojane-u-mitrovici\/","title":{"rendered":"Premijera filma &#8220;Biser Bojane&#8221; u Mitrovici"},"content":{"rendered":"<p>U Mitrovici u ponedeljak 27. i utorak 28. marta premijerno \u0107e biti prikazan film \u201cBiser Bojane\u201d u dva termina, od 18 i 20 sati, u Mitrova\u010dkom dvoru.<\/p>\n<p>Glavne uloge tuma\u010de Mima Karad\u017ei\u0107, Slaven Do\u0161lo i Vanja Nenadi\u0107, a u filmu se tako\u0111e pojavljuju i Mira Banjac, Andrija Milo\u0161evi\u0107, Hristina Popovi\u0107, Emir \u0106atovi\u0107, Dubravka Draki\u0107, Du\u0161an Kova\u010devi\u0107 i drugi.<\/p>\n<p>Karte po ceni od 300 dinara mo\u017eete kupiti u Gradskoj biblioteci\u00a0od 9 do 15 \u010dasova, i u Mitrova\u010dkom dvoru u ponedeljak od 15 sati do po\u010detka projekcije.<\/p>\n<p>Organizaror projekcije filma je Kulturni centar \u201cDragica Zarkovi\u0107\u201d.<\/p>\n","protected":false},"excerpt":{"rendered":"<p>U Mitrovici u ponedeljak 27. i utorak 28. marta premijerno \u0107e biti prikazan film \u201cBiser Bojane\u201d u dva termina, od 18 i 20 sati, u Mitrova\u010dkom dvoru. Glavne uloge tuma\u010de Mima Karad\u017ei\u0107, Slaven Do\u0161lo i Vanja Nenadi\u0107, a u filmu se tako\u0111e pojavljuju i Mira Banjac, Andrija Milo\u0161evi\u0107, Hristina Popovi\u0107, Emir \u0106atovi\u0107, Dubravka Draki\u0107, Du\u0161an&hellip;<\/p>\n","protected":false},"author":2,"featured_media":2399,"comment_status":"open","ping_status":"open","sticky":false,"template":"","format":"standard","meta":{"footnotes":""},"categories":[2],"tags":[867,735,20],"class_list":["post-2397","post","type-post","status-publish","format-standard","has-post-thumbnail","hentry","category-news","tag-boser-bojane","tag-projekcija-filma","tag-severna-mitrovica","category-2","description-off"],"_links":{"self":[{"href":"https:\/\/radiokfor.com\/2\/wp-json\/wp\/v2\/posts\/2397","targetHints":{"allow":["GET"]}}],"collection":[{"href":"https:\/\/radiokfor.com\/2\/wp-json\/wp\/v2\/posts"}],"about":[{"href":"https:\/\/radiokfor.com\/2\/wp-json\/wp\/v2\/types\/post"}],"author":[{"embeddable":true,"href":"https:\/\/radiokfor.com\/2\/wp-json\/wp\/v2\/users\/2"}],"replies":[{"embeddable":true,"href":"https:\/\/radiokfor.com\/2\/wp-json\/wp\/v2\/comments?post=2397"}],"version-history":[{"count":1,"href":"https:\/\/radiokfor.com\/2\/wp-json\/wp\/v2\/posts\/2397\/revisions"}],"predecessor-version":[{"id":2400,"href":"https:\/\/radiokfor.com\/2\/wp-json\/wp\/v2\/posts\/2397\/revisions\/2400"}],"wp:featuredmedia":[{"embeddable":true,"href":"https:\/\/radiokfor.com\/2\/wp-json\/wp\/v2\/media\/2399"}],"wp:attachment":[{"href":"https:\/\/radiokfor.com\/2\/wp-json\/wp\/v2\/media?parent=2397"}],"wp:term":[{"taxonomy":"category","embeddable":true,"href":"https:\/\/radiokfor.com\/2\/wp-json\/wp\/v2\/categories?post=2397"},{"taxonomy":"post_tag","embeddable":true,"href":"https:\/\/radiokfor.com\/2\/wp-json\/wp\/v2\/tags?post=2397"}],"curies":[{"name":"wp","href":"https:\/\/api.w.org\/{rel}","templated":true}]}}