{"id":23965,"date":"2024-04-30T13:00:55","date_gmt":"2024-04-30T11:00:55","guid":{"rendered":"https:\/\/radiokfor.com\/2\/?p=23965"},"modified":"2024-04-30T13:00:55","modified_gmt":"2024-04-30T11:00:55","slug":"danas-je-medunarodni-dan-dzeza","status":"publish","type":"post","link":"https:\/\/radiokfor.com\/2\/danas-je-medunarodni-dan-dzeza\/","title":{"rendered":"Danas je Me\u0111unarodni dan d\u017eeza"},"content":{"rendered":"<p>Svetski dan d\u017eeza obele\u017eava se \u0161irom sveta 30. aprila i to kao zvani\u010dan UNESCO praznik. D\u017eez se u zvani\u010dnim dokumentima UN-a od 2011. godine vidi kao \u201csredstvo sporazumevanja, dijaloga i jedinstva me\u0111u ljudima\u201d.<\/p>\n<p>Ideja za obele\u017eavanje ovog dana potekla je od d\u017eez umetnika i UNESCO-vog ambasadora dobre volje, Herbija Henkoka (Herbie Hancock).<\/p>\n<p>Internacionalni dan d\u017eeza okuplja zajednice, \u0161kole, umetnike, istori\u010dare, akademike i d\u017eez entuzijaste \u0161irom sveta da slave i u\u010de o d\u017eezu, njegovim korenima, budu\u0107nosti i uticaju. Pored toga on je ustanovljen i za promociju mira, po\u0161tovanja raznolikosti i ljudskih prava, iskorenjivanja diskriminacije.<\/p>\n<p>Svetski dan d\u017eeza je kulminacija meseca d\u017eeza, kojim se tokom meseca aprila skre\u0107e pa\u017enja javnosti na d\u017eez i njegovu izuzetnu ba\u0161tinu.<\/p>\n","protected":false},"excerpt":{"rendered":"<p>Svetski dan d\u017eeza obele\u017eava se \u0161irom sveta 30. aprila i to kao zvani\u010dan UNESCO praznik. D\u017eez se u zvani\u010dnim dokumentima UN-a od 2011. godine vidi kao \u201csredstvo sporazumevanja, dijaloga i jedinstva me\u0111u ljudima\u201d. Ideja za obele\u017eavanje ovog dana potekla je od d\u017eez umetnika i UNESCO-vog ambasadora dobre volje, Herbija Henkoka (Herbie Hancock). Internacionalni dan d\u017eeza&hellip;<\/p>\n","protected":false},"author":2,"featured_media":20574,"comment_status":"closed","ping_status":"closed","sticky":false,"template":"","format":"standard","meta":{"footnotes":""},"categories":[2],"tags":[],"class_list":["post-23965","post","type-post","status-publish","format-standard","has-post-thumbnail","hentry","category-news","category-2","description-off"],"_links":{"self":[{"href":"https:\/\/radiokfor.com\/2\/wp-json\/wp\/v2\/posts\/23965","targetHints":{"allow":["GET"]}}],"collection":[{"href":"https:\/\/radiokfor.com\/2\/wp-json\/wp\/v2\/posts"}],"about":[{"href":"https:\/\/radiokfor.com\/2\/wp-json\/wp\/v2\/types\/post"}],"author":[{"embeddable":true,"href":"https:\/\/radiokfor.com\/2\/wp-json\/wp\/v2\/users\/2"}],"replies":[{"embeddable":true,"href":"https:\/\/radiokfor.com\/2\/wp-json\/wp\/v2\/comments?post=23965"}],"version-history":[{"count":1,"href":"https:\/\/radiokfor.com\/2\/wp-json\/wp\/v2\/posts\/23965\/revisions"}],"predecessor-version":[{"id":23966,"href":"https:\/\/radiokfor.com\/2\/wp-json\/wp\/v2\/posts\/23965\/revisions\/23966"}],"wp:featuredmedia":[{"embeddable":true,"href":"https:\/\/radiokfor.com\/2\/wp-json\/wp\/v2\/media\/20574"}],"wp:attachment":[{"href":"https:\/\/radiokfor.com\/2\/wp-json\/wp\/v2\/media?parent=23965"}],"wp:term":[{"taxonomy":"category","embeddable":true,"href":"https:\/\/radiokfor.com\/2\/wp-json\/wp\/v2\/categories?post=23965"},{"taxonomy":"post_tag","embeddable":true,"href":"https:\/\/radiokfor.com\/2\/wp-json\/wp\/v2\/tags?post=23965"}],"curies":[{"name":"wp","href":"https:\/\/api.w.org\/{rel}","templated":true}]}}