{"id":23896,"date":"2024-04-23T00:25:26","date_gmt":"2024-04-22T22:25:26","guid":{"rendered":"https:\/\/radiokfor.com\/2\/?p=23896"},"modified":"2024-04-17T15:26:19","modified_gmt":"2024-04-17T13:26:19","slug":"svetski-dan-knjige-i-autorskih-prava-4","status":"publish","type":"post","link":"https:\/\/radiokfor.com\/2\/svetski-dan-knjige-i-autorskih-prava-4\/","title":{"rendered":"Svetski dan knjige i autorskih prava"},"content":{"rendered":"<p>Svake godine, 23. aprila, \u0161irom sveta se obele\u017eava Svetski dan knjige i autorskih prava, koji isti\u010de va\u017enost knjiga, \u010ditanja i po\u0161tovanja prava autora. Ovaj datum je postao simbol borbe za prava pisaca i promociju kulture \u010ditanja, nagla\u0161avaju\u0107i zna\u010daj pisane re\u010di kao osnove dru\u0161tva.<\/p>\n<p>Poreklo ovog dana smatra se datumom smrti nekih od najve\u0107ih svetskih pisaca poput Vilijama \u0160ekspira i Migela de Servantesa, \u0161to dodatno oplemenjuje simboliku ovog dana u svetu knji\u017eevnosti.<\/p>\n<p>Svetski dan knjige i autorskih prava podsti\u010de ljude \u0161irom sveta na \u010ditanje i ceni kreativnost autora. Knjige nisu samo izvor znanja i inspiracije, ve\u0107 i sredstvo povezivanja ljudi i razumevanja razli\u010ditih kultura i perspektiva.<\/p>\n<p>U dana\u0161njem digitalnom dobu, sa prekomernom dostupno\u0161\u0107u informacija putem interneta, zna\u010daj za\u0161tite autorskih prava nikada nije bio ve\u0107i. Stoga je va\u017eno podi\u0107i svest javnosti o va\u017enosti po\u0161tovanja autorskih prava i podr\u017eavati autore i njihovu kreativnost.<\/p>\n<p>&nbsp;<\/p>\n<p>&nbsp;<\/p>\n","protected":false},"excerpt":{"rendered":"<p>Svake godine, 23. aprila, \u0161irom sveta se obele\u017eava Svetski dan knjige i autorskih prava, koji isti\u010de va\u017enost knjiga, \u010ditanja i po\u0161tovanja prava autora. Ovaj datum je postao simbol borbe za prava pisaca i promociju kulture \u010ditanja, nagla\u0161avaju\u0107i zna\u010daj pisane re\u010di kao osnove dru\u0161tva. Poreklo ovog dana smatra se datumom smrti nekih od najve\u0107ih svetskih pisaca&hellip;<\/p>\n","protected":false},"author":2,"featured_media":22505,"comment_status":"closed","ping_status":"closed","sticky":false,"template":"","format":"standard","meta":{"footnotes":""},"categories":[2],"tags":[],"class_list":["post-23896","post","type-post","status-publish","format-standard","has-post-thumbnail","hentry","category-news","category-2","description-off"],"_links":{"self":[{"href":"https:\/\/radiokfor.com\/2\/wp-json\/wp\/v2\/posts\/23896","targetHints":{"allow":["GET"]}}],"collection":[{"href":"https:\/\/radiokfor.com\/2\/wp-json\/wp\/v2\/posts"}],"about":[{"href":"https:\/\/radiokfor.com\/2\/wp-json\/wp\/v2\/types\/post"}],"author":[{"embeddable":true,"href":"https:\/\/radiokfor.com\/2\/wp-json\/wp\/v2\/users\/2"}],"replies":[{"embeddable":true,"href":"https:\/\/radiokfor.com\/2\/wp-json\/wp\/v2\/comments?post=23896"}],"version-history":[{"count":1,"href":"https:\/\/radiokfor.com\/2\/wp-json\/wp\/v2\/posts\/23896\/revisions"}],"predecessor-version":[{"id":23897,"href":"https:\/\/radiokfor.com\/2\/wp-json\/wp\/v2\/posts\/23896\/revisions\/23897"}],"wp:featuredmedia":[{"embeddable":true,"href":"https:\/\/radiokfor.com\/2\/wp-json\/wp\/v2\/media\/22505"}],"wp:attachment":[{"href":"https:\/\/radiokfor.com\/2\/wp-json\/wp\/v2\/media?parent=23896"}],"wp:term":[{"taxonomy":"category","embeddable":true,"href":"https:\/\/radiokfor.com\/2\/wp-json\/wp\/v2\/categories?post=23896"},{"taxonomy":"post_tag","embeddable":true,"href":"https:\/\/radiokfor.com\/2\/wp-json\/wp\/v2\/tags?post=23896"}],"curies":[{"name":"wp","href":"https:\/\/api.w.org\/{rel}","templated":true}]}}