{"id":2386,"date":"2017-03-28T07:24:21","date_gmt":"2017-03-28T07:24:21","guid":{"rendered":"http:\/\/radiokfor.com\/2\/?p=2386"},"modified":"2018-12-11T07:25:47","modified_gmt":"2018-12-11T07:25:47","slug":"izlozba-murala-crteza-slika-i-instalacija-u-mitrovici","status":"publish","type":"post","link":"https:\/\/radiokfor.com\/2\/izlozba-murala-crteza-slika-i-instalacija-u-mitrovici\/","title":{"rendered":"Izlo\u017eba murala, crte\u017ea, slika i instalacija u Mitrovici"},"content":{"rendered":"<div>Izlo\u017eba murala, crte\u017ea, slika i instalacija Vuka \u0110uri\u0107a &#8220;Portret disidenta&#8221;, bi\u0107e otvorena u sredu 29. marta 2017. godine u 20 sati. Izlo\u017eba \u0107e biti postavljena na ulici (murali) i u galeriji &#8220;Aquarius&#8221;.<\/div>\n<div>Postavka zauzima prostor od kru\u017enog toka u centru Mitrovice (kod ko\u0161arka\u0161kog terena), sve do galerije &#8220;Aquarius&#8221; gde \u0107e biti izlo\u017eeni \u0110uri\u0107evi crte\u017ei, slike i instalacije, i odr\u017ean prigodan program.<\/div>\n<div>Ova izlo\u017eba predstavlja glavnu nagradu koja je Vuku \u0110uri\u0107u pripala kao pobedniku prvog ciklusa Likovnih okr\u0161aja odr\u017eanih u galeriji &#8220;Aquarius&#8221; od oktobra 2016. do januara 2017. godine.<\/div>\n<div>Deo postavke u galeriji &#8220;Aquarius&#8221; posetioci \u0107e mo\u0107i da pogledaju do 3. aprila 2017. godine.<\/div>\n","protected":false},"excerpt":{"rendered":"<p>Izlo\u017eba murala, crte\u017ea, slika i instalacija Vuka \u0110uri\u0107a &#8220;Portret disidenta&#8221;, bi\u0107e otvorena u sredu 29. marta 2017. godine u 20 sati. Izlo\u017eba \u0107e biti postavljena na ulici (murali) i u galeriji &#8220;Aquarius&#8221;. Postavka zauzima prostor od kru\u017enog toka u centru Mitrovice (kod ko\u0161arka\u0161kog terena), sve do galerije &#8220;Aquarius&#8221; gde \u0107e biti izlo\u017eeni \u0110uri\u0107evi crte\u017ei, slike&hellip;<\/p>\n","protected":false},"author":2,"featured_media":2388,"comment_status":"open","ping_status":"open","sticky":false,"template":"","format":"standard","meta":{"footnotes":""},"categories":[2],"tags":[862,861,20,863,864],"class_list":["post-2386","post","type-post","status-publish","format-standard","has-post-thumbnail","hentry","category-news","tag-crteza","tag-izlozba-murala","tag-severna-mitrovica","tag-slika-i-instalacija","tag-vuk-duric","category-2","description-off"],"_links":{"self":[{"href":"https:\/\/radiokfor.com\/2\/wp-json\/wp\/v2\/posts\/2386","targetHints":{"allow":["GET"]}}],"collection":[{"href":"https:\/\/radiokfor.com\/2\/wp-json\/wp\/v2\/posts"}],"about":[{"href":"https:\/\/radiokfor.com\/2\/wp-json\/wp\/v2\/types\/post"}],"author":[{"embeddable":true,"href":"https:\/\/radiokfor.com\/2\/wp-json\/wp\/v2\/users\/2"}],"replies":[{"embeddable":true,"href":"https:\/\/radiokfor.com\/2\/wp-json\/wp\/v2\/comments?post=2386"}],"version-history":[{"count":1,"href":"https:\/\/radiokfor.com\/2\/wp-json\/wp\/v2\/posts\/2386\/revisions"}],"predecessor-version":[{"id":2389,"href":"https:\/\/radiokfor.com\/2\/wp-json\/wp\/v2\/posts\/2386\/revisions\/2389"}],"wp:featuredmedia":[{"embeddable":true,"href":"https:\/\/radiokfor.com\/2\/wp-json\/wp\/v2\/media\/2388"}],"wp:attachment":[{"href":"https:\/\/radiokfor.com\/2\/wp-json\/wp\/v2\/media?parent=2386"}],"wp:term":[{"taxonomy":"category","embeddable":true,"href":"https:\/\/radiokfor.com\/2\/wp-json\/wp\/v2\/categories?post=2386"},{"taxonomy":"post_tag","embeddable":true,"href":"https:\/\/radiokfor.com\/2\/wp-json\/wp\/v2\/tags?post=2386"}],"curies":[{"name":"wp","href":"https:\/\/api.w.org\/{rel}","templated":true}]}}