{"id":2383,"date":"2017-03-29T07:22:12","date_gmt":"2017-03-29T07:22:12","guid":{"rendered":"http:\/\/radiokfor.com\/2\/?p=2383"},"modified":"2018-12-11T07:23:59","modified_gmt":"2018-12-11T07:23:59","slug":"svajcarski-film-ma-vie-de-courgette-u-gracanici","status":"publish","type":"post","link":"https:\/\/radiokfor.com\/2\/svajcarski-film-ma-vie-de-courgette-u-gracanici\/","title":{"rendered":"\u0160vajcarski film \u201cMa vie de Courgette\u201d u Gra\u010danici"},"content":{"rendered":"<p>Povodom \u201cSemaines de la Francophonie 2017\u201d &#8211; nedelje francuskog jezika, \u0160vajcarska ambasada na Kosovu organizuje projekciju filma \u201cMa vie de Courgette\u201d (Moj \u017eivot Tikvice) u Domu kulture Gra\u010danica\u00a0 u \u010detvrtak, 30. marta u 19:00 \u010dasova.<\/p>\n<p>&#8220;Tikvica nije povr\u0107e, to je jedan hrabar mali de\u010dak. Mislio je da je ostao sam na svetu kada je izgubio svoju majku. Ali, nije ra\u010dunao na upoznavanja koje \u0107e imati u svom novom \u017eivotu u de\u010dijem domu. Kada ima\u0161 10 godina, ima\u0161 jednu grupu prijatelja, zaljubi\u0161\u00a0se, i postoje jo\u0161 mnoge stvari koje treba otkriti i nau\u010diti.&#8221;<\/p>\n<p>Ovaj animirani film re\u017eirao je\u00a0Claude Barras 2015. godine.\u00a0Film \u0107e biti prikazan na francuskom jeziku, sa prevodom na srpski i albanski jezik. Ulaz je besplatan.<\/p>\n<p>Vi\u0161e informacija o filmu mo\u017eete prona\u0107i na zvani\u010dnoj stranici klikom na\u00a0<a href=\"http:\/\/en.unifrance.org\/movie\/37875\/my-life-as-a-courgette\">link<\/a>.\u00a0Zvani\u010dni trejler filma na engleskom jeziku mo\u017eete pogledati na\u00a0<a href=\"https:\/\/l.facebook.com\/l.php?u=https%3A%2F%2Fwww.youtube.com%2Fwatch%3Fv%3D4d9N5Y_sN8Q&amp;h=ATNLaToNnmjtKSlfb7izVOT1GuN0P6WPAvr4tIYuMJIhbu6gKD6hyI--hVohAeR8bHmOX42grztJjBMgTsnj813C6eMjKomjbbWXaE6yXXKHhYcsJifDKH-ElYb_TtJMiqpbyg&amp;enc=AZOyp-7Lb_PGVE-pQ1zm7mm4Siw44my1bsA4ZG_bapDz_eemS7Qzn_fhvPsC4QLemsc&amp;s=1\" target=\"_blank\" rel=\"noopener\">https:\/\/www.youtube.com\/watch?v=4d9N5Y_sN8Q<\/a><\/p>\n","protected":false},"excerpt":{"rendered":"<p>Povodom \u201cSemaines de la Francophonie 2017\u201d &#8211; nedelje francuskog jezika, \u0160vajcarska ambasada na Kosovu organizuje projekciju filma \u201cMa vie de Courgette\u201d (Moj \u017eivot Tikvice) u Domu kulture Gra\u010danica\u00a0 u \u010detvrtak, 30. marta u 19:00 \u010dasova. &#8220;Tikvica nije povr\u0107e, to je jedan hrabar mali de\u010dak. Mislio je da je ostao sam na svetu kada je izgubio&hellip;<\/p>\n","protected":false},"author":2,"featured_media":1306,"comment_status":"open","ping_status":"open","sticky":false,"template":"","format":"standard","meta":{"footnotes":""},"categories":[2],"tags":[21,859,860],"class_list":["post-2383","post","type-post","status-publish","format-standard","has-post-thumbnail","hentry","category-news","tag-dom-kulture-gracanica","tag-ma-vie-de-courgette","tag-semaines-de-la-francophonie-2017","category-2","description-off"],"_links":{"self":[{"href":"https:\/\/radiokfor.com\/2\/wp-json\/wp\/v2\/posts\/2383","targetHints":{"allow":["GET"]}}],"collection":[{"href":"https:\/\/radiokfor.com\/2\/wp-json\/wp\/v2\/posts"}],"about":[{"href":"https:\/\/radiokfor.com\/2\/wp-json\/wp\/v2\/types\/post"}],"author":[{"embeddable":true,"href":"https:\/\/radiokfor.com\/2\/wp-json\/wp\/v2\/users\/2"}],"replies":[{"embeddable":true,"href":"https:\/\/radiokfor.com\/2\/wp-json\/wp\/v2\/comments?post=2383"}],"version-history":[{"count":1,"href":"https:\/\/radiokfor.com\/2\/wp-json\/wp\/v2\/posts\/2383\/revisions"}],"predecessor-version":[{"id":2385,"href":"https:\/\/radiokfor.com\/2\/wp-json\/wp\/v2\/posts\/2383\/revisions\/2385"}],"wp:featuredmedia":[{"embeddable":true,"href":"https:\/\/radiokfor.com\/2\/wp-json\/wp\/v2\/media\/1306"}],"wp:attachment":[{"href":"https:\/\/radiokfor.com\/2\/wp-json\/wp\/v2\/media?parent=2383"}],"wp:term":[{"taxonomy":"category","embeddable":true,"href":"https:\/\/radiokfor.com\/2\/wp-json\/wp\/v2\/categories?post=2383"},{"taxonomy":"post_tag","embeddable":true,"href":"https:\/\/radiokfor.com\/2\/wp-json\/wp\/v2\/tags?post=2383"}],"curies":[{"name":"wp","href":"https:\/\/api.w.org\/{rel}","templated":true}]}}