{"id":2380,"date":"2017-03-30T07:20:47","date_gmt":"2017-03-30T07:20:47","guid":{"rendered":"http:\/\/radiokfor.com\/2\/?p=2380"},"modified":"2018-12-11T07:22:00","modified_gmt":"2018-12-11T07:22:00","slug":"danica-maksimovic-pratite-svoje-snove","status":"publish","type":"post","link":"https:\/\/radiokfor.com\/2\/danica-maksimovic-pratite-svoje-snove\/","title":{"rendered":"Danica Maksimovi\u0107: &#8220;Pratite svoje snove&#8221;"},"content":{"rendered":"<p>Mlada, uspe\u0161na, slika od najranijeg detinjstva. Talenat je otkrila u osnovnoj \u0161koli, kada je u\u010destvovala na takmi\u010denju sa temom \u201cMoje detinjstvo\u201d, na kojem je dobila drugu nagradu za crte\u017e. Taj detalj va\u017ei za po\u010detak njene slikarske karijere.<\/p>\n<p>\u201cTalenat za slikanje i crtanje sam pokazala jo\u0161 u osnovnoj \u0161koli. Oduvek sam volela da crtam i bojim, \u010dak su mi sveske za druge predmete bile pune crte\u017ea i skica. \u017delim da iskoristim talenat i bavim se slikarstvom, to je moj \u017eivotni poziv i ne\u0161to \u0161to me ispunjava\u201d, ka\u017ee za Kfor radio Danica Maksimovi\u0107, mlada slikarka iz Gra\u010danice.<\/p>\n<p>Prvu samostalnu izlo\u017ebu odr\u017eala je pro\u0161le godine u Gra\u010danici u Domu kulture. Zadovoljna komentarima svojih sugra\u0111ana, prijatelja i rodbine priznaje da joj je podr\u0161ka porodice puno zna\u010dila.<\/p>\n<p>\u201cUpisala sam Umetni\u010dku \u0161kolu a moja porodica mi je bila najve\u0107a podr\u0161ka.To mi je naravno puno zna\u010dilo a ja sam se posle deset godina odu\u017eila prvom samostalnom izlo\u017ebom u Gra\u010danici. Posle izlo\u017ebe sre\u0107na sam i zadovoljna, puno prijatelja, ro\u0111aka, dragih ljudi je do\u0161lo da me podr\u017ei, puno pozitivnih komentara i kritika i mogu samo da kazem da je ose\u0107aj odli\u010dan\u201d, nagla\u0161ava Danica.<\/p>\n<p>Sada radi na novom projektu, suprotno od onoga\u00a0 \u0161to nam je prikazala u Gra\u010danici, a mi joj svakako \u017eelimo puno uspeha u karijeri.<\/p>\n<p>\u201cTrenutno radim ne\u0161to novo, ne bih da vam otkrivam sve detalje, ali je tema ne\u0161to sasvim druga\u010dije. Ovom idejom planiram da se prijavim i predstavim na konkursu u \u0160vajcarskoj ove godine i nadam se uspehu\u201d, rekla je Danica.<\/p>\n<p>Za slusaoce Kfor radija Danica ima poruku: \u201cBudite pozitivni, svoji, pratite svoje snove, ideje i zacrtane ciljeve. Verujte da u ovom surovom svetu ipak postoji tra\u010dak nade, zrno dobrote I bljesak ljubavi\u201c.<\/p>\n","protected":false},"excerpt":{"rendered":"<p>Mlada, uspe\u0161na, slika od najranijeg detinjstva. Talenat je otkrila u osnovnoj \u0161koli, kada je u\u010destvovala na takmi\u010denju sa temom \u201cMoje detinjstvo\u201d, na kojem je dobila drugu nagradu za crte\u017e. Taj detalj va\u017ei za po\u010detak njene slikarske karijere. \u201cTalenat za slikanje i crtanje sam pokazala jo\u0161 u osnovnoj \u0161koli. Oduvek sam volela da crtam i bojim,&hellip;<\/p>\n","protected":false},"author":2,"featured_media":1793,"comment_status":"open","ping_status":"open","sticky":false,"template":"","format":"standard","meta":{"footnotes":""},"categories":[2],"tags":[13,699,162],"class_list":["post-2380","post","type-post","status-publish","format-standard","has-post-thumbnail","hentry","category-news","tag-gracanica","tag-danica-maksimovic","tag-umetnost","category-2","description-off"],"_links":{"self":[{"href":"https:\/\/radiokfor.com\/2\/wp-json\/wp\/v2\/posts\/2380","targetHints":{"allow":["GET"]}}],"collection":[{"href":"https:\/\/radiokfor.com\/2\/wp-json\/wp\/v2\/posts"}],"about":[{"href":"https:\/\/radiokfor.com\/2\/wp-json\/wp\/v2\/types\/post"}],"author":[{"embeddable":true,"href":"https:\/\/radiokfor.com\/2\/wp-json\/wp\/v2\/users\/2"}],"replies":[{"embeddable":true,"href":"https:\/\/radiokfor.com\/2\/wp-json\/wp\/v2\/comments?post=2380"}],"version-history":[{"count":1,"href":"https:\/\/radiokfor.com\/2\/wp-json\/wp\/v2\/posts\/2380\/revisions"}],"predecessor-version":[{"id":2382,"href":"https:\/\/radiokfor.com\/2\/wp-json\/wp\/v2\/posts\/2380\/revisions\/2382"}],"wp:featuredmedia":[{"embeddable":true,"href":"https:\/\/radiokfor.com\/2\/wp-json\/wp\/v2\/media\/1793"}],"wp:attachment":[{"href":"https:\/\/radiokfor.com\/2\/wp-json\/wp\/v2\/media?parent=2380"}],"wp:term":[{"taxonomy":"category","embeddable":true,"href":"https:\/\/radiokfor.com\/2\/wp-json\/wp\/v2\/categories?post=2380"},{"taxonomy":"post_tag","embeddable":true,"href":"https:\/\/radiokfor.com\/2\/wp-json\/wp\/v2\/tags?post=2380"}],"curies":[{"name":"wp","href":"https:\/\/api.w.org\/{rel}","templated":true}]}}