{"id":2377,"date":"2017-03-31T07:19:12","date_gmt":"2017-03-31T07:19:12","guid":{"rendered":"http:\/\/radiokfor.com\/2\/?p=2377"},"modified":"2018-12-11T07:20:32","modified_gmt":"2018-12-11T07:20:32","slug":"sajam-obrazovanja-2","status":"publish","type":"post","link":"https:\/\/radiokfor.com\/2\/sajam-obrazovanja-2\/","title":{"rendered":"Sajam obrazovanja 2"},"content":{"rendered":"<p>\u201cDo\u0111i i informi\u0161i se\u201d je ovogodi\u0161nji naziv sajma koji je namenjen u\u010denicima zavr\u0161nih razreda srednjih i osnovnih \u0161kola gde \u0107e, na jednom mestu, imati priliku da dobiju sve potrebne informacije o studijskim programima. Svr\u0161eni osnovci \u0107e prvi put mo\u0107i da vide ponude ovda\u0161njih srednjih \u0161kola, to je mogu\u0107nost da se lak\u0161e opredele za nastavak obrazovanja i usavr\u0161avanja.<\/p>\n<p>U okviru Sajma \u0107e biti otvorena i dokumentarna izlo\u017eba \u201cMilutin Milankovi\u0107 \u2013 \u017divot i delo. Izlo\u017eba sa prate\u0107im sadr\u017eajem \u2013 projekcijom dokumentarno-igranih filmova iz produkcije Udru\u017eenja \u201cMilutin Milankovi\u0107\u201d, razli\u010dite du\u017eine trajanja, namenjena je pre svega \u0161kolskoj populaciji, ali i naj\u0161iroj javnosti.<\/p>\n<p>Snagom svog talenta, ali nadasve, upornim i sistemskim radom, Milankovi\u0107 se iskazao u nizu nau\u010dnih disciplina. Tvorac je najta\u010dnijeg kalendara, popularizator nauke i hroni\u010dar nau\u010dnih zbivanja svoga vremena, ali je u svetu najpoznatiji kao autor astronomske teorije klimatskih promena, kojom je objasnio misteriju ledenih doba, \u010dime je trajno zadu\u017eio svetsku civilizaciju.<\/p>\n<p>Sajam se odr\u017eava 4. i 5. aprila u Domu kulture Gra\u010danica.<\/p>\n","protected":false},"excerpt":{"rendered":"<p>\u201cDo\u0111i i informi\u0161i se\u201d je ovogodi\u0161nji naziv sajma koji je namenjen u\u010denicima zavr\u0161nih razreda srednjih i osnovnih \u0161kola gde \u0107e, na jednom mestu, imati priliku da dobiju sve potrebne informacije o studijskim programima. Svr\u0161eni osnovci \u0107e prvi put mo\u0107i da vide ponude ovda\u0161njih srednjih \u0161kola, to je mogu\u0107nost da se lak\u0161e opredele za nastavak obrazovanja&hellip;<\/p>\n","protected":false},"author":2,"featured_media":1156,"comment_status":"open","ping_status":"open","sticky":false,"template":"","format":"standard","meta":{"footnotes":""},"categories":[2],"tags":[13,504,458],"class_list":["post-2377","post","type-post","status-publish","format-standard","has-post-thumbnail","hentry","category-news","tag-gracanica","tag-dodi-i-informisi-se","tag-sajam-obrazovanja","category-2","description-off"],"_links":{"self":[{"href":"https:\/\/radiokfor.com\/2\/wp-json\/wp\/v2\/posts\/2377","targetHints":{"allow":["GET"]}}],"collection":[{"href":"https:\/\/radiokfor.com\/2\/wp-json\/wp\/v2\/posts"}],"about":[{"href":"https:\/\/radiokfor.com\/2\/wp-json\/wp\/v2\/types\/post"}],"author":[{"embeddable":true,"href":"https:\/\/radiokfor.com\/2\/wp-json\/wp\/v2\/users\/2"}],"replies":[{"embeddable":true,"href":"https:\/\/radiokfor.com\/2\/wp-json\/wp\/v2\/comments?post=2377"}],"version-history":[{"count":1,"href":"https:\/\/radiokfor.com\/2\/wp-json\/wp\/v2\/posts\/2377\/revisions"}],"predecessor-version":[{"id":2379,"href":"https:\/\/radiokfor.com\/2\/wp-json\/wp\/v2\/posts\/2377\/revisions\/2379"}],"wp:featuredmedia":[{"embeddable":true,"href":"https:\/\/radiokfor.com\/2\/wp-json\/wp\/v2\/media\/1156"}],"wp:attachment":[{"href":"https:\/\/radiokfor.com\/2\/wp-json\/wp\/v2\/media?parent=2377"}],"wp:term":[{"taxonomy":"category","embeddable":true,"href":"https:\/\/radiokfor.com\/2\/wp-json\/wp\/v2\/categories?post=2377"},{"taxonomy":"post_tag","embeddable":true,"href":"https:\/\/radiokfor.com\/2\/wp-json\/wp\/v2\/tags?post=2377"}],"curies":[{"name":"wp","href":"https:\/\/api.w.org\/{rel}","templated":true}]}}