{"id":23623,"date":"2024-03-21T12:40:46","date_gmt":"2024-03-21T11:40:46","guid":{"rendered":"https:\/\/radiokfor.com\/2\/?p=23623"},"modified":"2024-03-21T12:40:46","modified_gmt":"2024-03-21T11:40:46","slug":"svetski-dan-poezije-3","status":"publish","type":"post","link":"https:\/\/radiokfor.com\/2\/svetski-dan-poezije-3\/","title":{"rendered":"Svetski dan poezije"},"content":{"rendered":"<p>Svetski dan poezije slavi se svake godine 21. marta \u0161irom sveta, kao prilika da se istakne va\u017enost poezije kao izraza ljudske kreativnosti i dubokog emocionalnog do\u017eivljaja.<\/p>\n<p>Ovaj dan promovi\u0161e po\u0161tovanje razli\u010ditih jezi\u010dkih i kulturnih tradicija kroz poeziju, podsti\u010du\u0107i dijalog me\u0111u narodima.<\/p>\n<p>Kroz stihove, poezija prenosi razli\u010dite perspektive, emocije i misli, povezuju\u0107i ljude \u0161irom sveta. Tako\u0111e, ovaj dan podse\u0107a na va\u017enost slobode izra\u017eavanja i prava na umetni\u010dko stvarala\u0161tvo.<\/p>\n","protected":false},"excerpt":{"rendered":"<p>Svetski dan poezije slavi se svake godine 21. marta \u0161irom sveta, kao prilika da se istakne va\u017enost poezije kao izraza ljudske kreativnosti i dubokog emocionalnog do\u017eivljaja. Ovaj dan promovi\u0161e po\u0161tovanje razli\u010ditih jezi\u010dkih i kulturnih tradicija kroz poeziju, podsti\u010du\u0107i dijalog me\u0111u narodima. Kroz stihove, poezija prenosi razli\u010dite perspektive, emocije i misli, povezuju\u0107i ljude \u0161irom sveta. Tako\u0111e,&hellip;<\/p>\n","protected":false},"author":7,"featured_media":23625,"comment_status":"closed","ping_status":"closed","sticky":false,"template":"","format":"standard","meta":{"footnotes":""},"categories":[2],"tags":[],"class_list":["post-23623","post","type-post","status-publish","format-standard","has-post-thumbnail","hentry","category-news","category-2","description-off"],"_links":{"self":[{"href":"https:\/\/radiokfor.com\/2\/wp-json\/wp\/v2\/posts\/23623","targetHints":{"allow":["GET"]}}],"collection":[{"href":"https:\/\/radiokfor.com\/2\/wp-json\/wp\/v2\/posts"}],"about":[{"href":"https:\/\/radiokfor.com\/2\/wp-json\/wp\/v2\/types\/post"}],"author":[{"embeddable":true,"href":"https:\/\/radiokfor.com\/2\/wp-json\/wp\/v2\/users\/7"}],"replies":[{"embeddable":true,"href":"https:\/\/radiokfor.com\/2\/wp-json\/wp\/v2\/comments?post=23623"}],"version-history":[{"count":1,"href":"https:\/\/radiokfor.com\/2\/wp-json\/wp\/v2\/posts\/23623\/revisions"}],"predecessor-version":[{"id":23626,"href":"https:\/\/radiokfor.com\/2\/wp-json\/wp\/v2\/posts\/23623\/revisions\/23626"}],"wp:featuredmedia":[{"embeddable":true,"href":"https:\/\/radiokfor.com\/2\/wp-json\/wp\/v2\/media\/23625"}],"wp:attachment":[{"href":"https:\/\/radiokfor.com\/2\/wp-json\/wp\/v2\/media?parent=23623"}],"wp:term":[{"taxonomy":"category","embeddable":true,"href":"https:\/\/radiokfor.com\/2\/wp-json\/wp\/v2\/categories?post=23623"},{"taxonomy":"post_tag","embeddable":true,"href":"https:\/\/radiokfor.com\/2\/wp-json\/wp\/v2\/tags?post=23623"}],"curies":[{"name":"wp","href":"https:\/\/api.w.org\/{rel}","templated":true}]}}