{"id":23619,"date":"2024-03-21T12:35:44","date_gmt":"2024-03-21T11:35:44","guid":{"rendered":"https:\/\/radiokfor.com\/2\/?p=23619"},"modified":"2024-03-21T12:35:44","modified_gmt":"2024-03-21T11:35:44","slug":"svetski-dan-daunovog-sindroma-obelezavanje-i-razumevanje","status":"publish","type":"post","link":"https:\/\/radiokfor.com\/2\/svetski-dan-daunovog-sindroma-obelezavanje-i-razumevanje\/","title":{"rendered":"Svetski dan Daunovog sindroma: obele\u017eavanje i razumevanje"},"content":{"rendered":"<p>Svetski dan Daunovog sindroma se obele\u017eava \u0161irom sveta svakog 21. marta, sa ciljem podizanja svesti o osobama sa Daunovim sindromom, promovisanja njihovih prava i unapre\u0111enja razumevanja ove genetske anomalije. Ovaj dan pru\u017ea priliku zajednicama da se udru\u017ee u podr\u0161ci osobama sa Daunovim sindromom i njihovim porodicama.<\/p>\n<p>Obele\u017eavanje Svetskog dana Daunovog sindroma zapo\u010deto je 2006. godine. Tada je Trisomija 21, poznata i kao Daunov sindrom, na osnovu odluke Generalne skup\u0161tine Ujedinjenih nacija, po\u010dela da se obele\u017eava kao Dan Daunovog sindroma . Datum 21. mart izabran je zbog specifi\u010dnosti genetskog materijala koji uzrokuje ovaj sindrom \u2013 tri kopije 21. hromozoma. Ovaj dan ima poseban zna\u010daj u edukaciji javnosti i ukazivanju na potrebu za inkluzivnim dru\u0161tvom koje ceni i podr\u017eava razli\u010ditosti.<\/p>\n<p>Tokom godina, Svetski dan Daunovog sindroma postao je platforma za razli\u010dite aktivnosti, kampanje i doga\u0111aje posve\u0107ene podizanju svesti o ovom stanju. U mnogim zemljama, organizacije i pojedinci se udru\u017euju kako bi obele\u017eili ovaj dan kroz razli\u010dite inicijative, promovi\u0161u\u0107i inkluzivnost i podr\u0161ku za osobe sa Daunovim sindromom. Ova globalna inicijativa podse\u0107a nas na va\u017enost po\u0161tovanja svakog pojedinca, nezavisno od njihovih razli\u010ditosti.<\/p>\n","protected":false},"excerpt":{"rendered":"<p>Svetski dan Daunovog sindroma se obele\u017eava \u0161irom sveta svakog 21. marta, sa ciljem podizanja svesti o osobama sa Daunovim sindromom, promovisanja njihovih prava i unapre\u0111enja razumevanja ove genetske anomalije. Ovaj dan pru\u017ea priliku zajednicama da se udru\u017ee u podr\u0161ci osobama sa Daunovim sindromom i njihovim porodicama. Obele\u017eavanje Svetskog dana Daunovog sindroma zapo\u010deto je 2006. godine.&hellip;<\/p>\n","protected":false},"author":2,"featured_media":23620,"comment_status":"closed","ping_status":"closed","sticky":false,"template":"","format":"standard","meta":{"footnotes":""},"categories":[2],"tags":[],"class_list":["post-23619","post","type-post","status-publish","format-standard","has-post-thumbnail","hentry","category-news","category-2","description-off"],"_links":{"self":[{"href":"https:\/\/radiokfor.com\/2\/wp-json\/wp\/v2\/posts\/23619","targetHints":{"allow":["GET"]}}],"collection":[{"href":"https:\/\/radiokfor.com\/2\/wp-json\/wp\/v2\/posts"}],"about":[{"href":"https:\/\/radiokfor.com\/2\/wp-json\/wp\/v2\/types\/post"}],"author":[{"embeddable":true,"href":"https:\/\/radiokfor.com\/2\/wp-json\/wp\/v2\/users\/2"}],"replies":[{"embeddable":true,"href":"https:\/\/radiokfor.com\/2\/wp-json\/wp\/v2\/comments?post=23619"}],"version-history":[{"count":1,"href":"https:\/\/radiokfor.com\/2\/wp-json\/wp\/v2\/posts\/23619\/revisions"}],"predecessor-version":[{"id":23621,"href":"https:\/\/radiokfor.com\/2\/wp-json\/wp\/v2\/posts\/23619\/revisions\/23621"}],"wp:featuredmedia":[{"embeddable":true,"href":"https:\/\/radiokfor.com\/2\/wp-json\/wp\/v2\/media\/23620"}],"wp:attachment":[{"href":"https:\/\/radiokfor.com\/2\/wp-json\/wp\/v2\/media?parent=23619"}],"wp:term":[{"taxonomy":"category","embeddable":true,"href":"https:\/\/radiokfor.com\/2\/wp-json\/wp\/v2\/categories?post=23619"},{"taxonomy":"post_tag","embeddable":true,"href":"https:\/\/radiokfor.com\/2\/wp-json\/wp\/v2\/tags?post=23619"}],"curies":[{"name":"wp","href":"https:\/\/api.w.org\/{rel}","templated":true}]}}