{"id":23568,"date":"2024-03-17T00:15:47","date_gmt":"2024-03-16T23:15:47","guid":{"rendered":"https:\/\/radiokfor.com\/2\/?p=23568"},"modified":"2024-03-15T13:22:21","modified_gmt":"2024-03-15T12:22:21","slug":"sveti-patrik-dan-koji-slavi-irsku-sirom-sveta","status":"publish","type":"post","link":"https:\/\/radiokfor.com\/2\/sveti-patrik-dan-koji-slavi-irsku-sirom-sveta\/","title":{"rendered":"Sveti Patrik &#8211; Dan koji slavi Irsku \u0161irom sveta"},"content":{"rendered":"<p>Dok mnogi \u0161irom sveta do\u017eivljavaju 17. mart kao priliku za slavlje i veselje, malo ljudi zna da je taj dan zapravo posve\u0107en svetom Patriku, za\u0161titniku Irske. Sveti Patrik je bio misionar i biskup koji je 5. veka donio hri\u0161\u0107anstvo na irsko tlo. Danas, dan Svetog Patrika postao je sinonim za zabavu, zeleno obojene parade, tradicionalnu irsku muziku i naravno, simboli\u010dno zeleno pivo.<\/p>\n<p>U srcu ovog praznika je bogata irska kultura i tradicija. Parada koja se odr\u017eava \u0161irom Irske i mnogih gradova sveta predstavlja \u0161arenilo boja, muzike i plesa. Ljudi se obla\u010de u zelene kostime, nose \u0161e\u0161ire sa \u010detiri lista deteline i u\u017eivaju u bogatom programu koji \u010desto uklju\u010duje irske plesa\u010de, guda\u010de i tradicionalne irske pesme.<\/p>\n<p>Jedna od klju\u010dnih karakteristika ovog praznika je i konzumiranje tradicionalne irske hrane i pi\u0107a. Ro\u0161tiljano jagnje, krumpiri\u0107e i irski hleb su samo neki od specijaliteta koji se slu\u017ee na ovaj dan. Naravno, nezaobilazno je i zeleno pivo, koje se tradicionalno to\u010di i pijucka tokom proslave.<\/p>\n<p>Me\u0111utim, dok se mnogi fokusiraju na zabavu, va\u017eno je zapamtiti i su\u0161tinsko zna\u010denje ovog dana. Sveti Patrik je simbol vere, hrabrosti i upornosti, i podse\u0107a nas da je mogu\u0107e promeniti svet svojim delima i verovanjem.<\/p>\n<p>&nbsp;<\/p>\n","protected":false},"excerpt":{"rendered":"<p>Dok mnogi \u0161irom sveta do\u017eivljavaju 17. mart kao priliku za slavlje i veselje, malo ljudi zna da je taj dan zapravo posve\u0107en svetom Patriku, za\u0161titniku Irske. Sveti Patrik je bio misionar i biskup koji je 5. veka donio hri\u0161\u0107anstvo na irsko tlo. Danas, dan Svetog Patrika postao je sinonim za zabavu, zeleno obojene parade, tradicionalnu&hellip;<\/p>\n","protected":false},"author":2,"featured_media":11592,"comment_status":"closed","ping_status":"closed","sticky":false,"template":"","format":"standard","meta":{"footnotes":""},"categories":[2],"tags":[],"class_list":["post-23568","post","type-post","status-publish","format-standard","has-post-thumbnail","hentry","category-news","category-2","description-off"],"_links":{"self":[{"href":"https:\/\/radiokfor.com\/2\/wp-json\/wp\/v2\/posts\/23568","targetHints":{"allow":["GET"]}}],"collection":[{"href":"https:\/\/radiokfor.com\/2\/wp-json\/wp\/v2\/posts"}],"about":[{"href":"https:\/\/radiokfor.com\/2\/wp-json\/wp\/v2\/types\/post"}],"author":[{"embeddable":true,"href":"https:\/\/radiokfor.com\/2\/wp-json\/wp\/v2\/users\/2"}],"replies":[{"embeddable":true,"href":"https:\/\/radiokfor.com\/2\/wp-json\/wp\/v2\/comments?post=23568"}],"version-history":[{"count":1,"href":"https:\/\/radiokfor.com\/2\/wp-json\/wp\/v2\/posts\/23568\/revisions"}],"predecessor-version":[{"id":23569,"href":"https:\/\/radiokfor.com\/2\/wp-json\/wp\/v2\/posts\/23568\/revisions\/23569"}],"wp:featuredmedia":[{"embeddable":true,"href":"https:\/\/radiokfor.com\/2\/wp-json\/wp\/v2\/media\/11592"}],"wp:attachment":[{"href":"https:\/\/radiokfor.com\/2\/wp-json\/wp\/v2\/media?parent=23568"}],"wp:term":[{"taxonomy":"category","embeddable":true,"href":"https:\/\/radiokfor.com\/2\/wp-json\/wp\/v2\/categories?post=23568"},{"taxonomy":"post_tag","embeddable":true,"href":"https:\/\/radiokfor.com\/2\/wp-json\/wp\/v2\/tags?post=23568"}],"curies":[{"name":"wp","href":"https:\/\/api.w.org\/{rel}","templated":true}]}}