{"id":2350,"date":"2017-04-08T06:29:34","date_gmt":"2017-04-08T06:29:34","guid":{"rendered":"http:\/\/radiokfor.com\/2\/?p=2350"},"modified":"2018-12-11T06:41:15","modified_gmt":"2018-12-11T06:41:15","slug":"premijera-predstave-nesigurna-u-mitrovici","status":"publish","type":"post","link":"https:\/\/radiokfor.com\/2\/premijera-predstave-nesigurna-u-mitrovici\/","title":{"rendered":"Premijera predstave &#8220;Nesigurna&#8221; u Mitrovici"},"content":{"rendered":"<p>U Centru gra\u0111anske energije (CEC-Aktiv) u Mitrovici 11. aprila 2017. godine\u00a0 od 21 \u010das premijerno bi\u0107e izvedena forum teatar predstava \u201cNesigurna\u201d.<\/p>\n<p>Mladi glumci amateri iz nevladine organizacije \u201cArtpolis\u201d pripremili su ovu predstavu uz podr\u0161ku Populacionog fonda Ujedinjenih nacija \u2013 UNFPA, koja ima za cilj da unapredi polo\u017eaj \u017eena i uka\u017ee na rodno zasnovano nasilje.<\/p>\n<p>Predstava \u201cNesigurna\u201d prati pri\u010du jedne\u00a0devojke koja je o\u010devidac \u010destih sva\u0111a roditelja od ranog detinjstva. Nedostatak podr\u0161ke i nerazumevanje od strane roditelja u toku perioda adolescencije, kao posledicu prouzrukuje nove probleme gde ona postaje \u017ertva rodno zasnovanog \u00a0nasilja. Sama predstava oslikava \u00a0sve u\u010destalija realna de\u0161avanja nasilja dana\u0161njice, a njena forma prisutnoj publici pru\u017ea prostor za dijalog i tra\u017eenje konstruktivnih re\u0161enja interakcijom sa likovima.<\/p>\n<p>Ulaz za predstavu \u201cNesigurna\u201d je slobodan.<\/p>\n","protected":false},"excerpt":{"rendered":"<p>U Centru gra\u0111anske energije (CEC-Aktiv) u Mitrovici 11. aprila 2017. godine\u00a0 od 21 \u010das premijerno bi\u0107e izvedena forum teatar predstava \u201cNesigurna\u201d. Mladi glumci amateri iz nevladine organizacije \u201cArtpolis\u201d pripremili su ovu predstavu uz podr\u0161ku Populacionog fonda Ujedinjenih nacija \u2013 UNFPA, koja ima za cilj da unapredi polo\u017eaj \u017eena i uka\u017ee na rodno zasnovano nasilje. Predstava&hellip;<\/p>\n","protected":false},"author":2,"featured_media":1978,"comment_status":"open","ping_status":"open","sticky":false,"template":"","format":"standard","meta":{"footnotes":""},"categories":[2],"tags":[851,850,20],"class_list":["post-2350","post","type-post","status-publish","format-standard","has-post-thumbnail","hentry","category-news","tag-cec-aktiv","tag-predstava-nesigurna","tag-severna-mitrovica","category-2","description-off"],"_links":{"self":[{"href":"https:\/\/radiokfor.com\/2\/wp-json\/wp\/v2\/posts\/2350","targetHints":{"allow":["GET"]}}],"collection":[{"href":"https:\/\/radiokfor.com\/2\/wp-json\/wp\/v2\/posts"}],"about":[{"href":"https:\/\/radiokfor.com\/2\/wp-json\/wp\/v2\/types\/post"}],"author":[{"embeddable":true,"href":"https:\/\/radiokfor.com\/2\/wp-json\/wp\/v2\/users\/2"}],"replies":[{"embeddable":true,"href":"https:\/\/radiokfor.com\/2\/wp-json\/wp\/v2\/comments?post=2350"}],"version-history":[{"count":1,"href":"https:\/\/radiokfor.com\/2\/wp-json\/wp\/v2\/posts\/2350\/revisions"}],"predecessor-version":[{"id":2352,"href":"https:\/\/radiokfor.com\/2\/wp-json\/wp\/v2\/posts\/2350\/revisions\/2352"}],"wp:featuredmedia":[{"embeddable":true,"href":"https:\/\/radiokfor.com\/2\/wp-json\/wp\/v2\/media\/1978"}],"wp:attachment":[{"href":"https:\/\/radiokfor.com\/2\/wp-json\/wp\/v2\/media?parent=2350"}],"wp:term":[{"taxonomy":"category","embeddable":true,"href":"https:\/\/radiokfor.com\/2\/wp-json\/wp\/v2\/categories?post=2350"},{"taxonomy":"post_tag","embeddable":true,"href":"https:\/\/radiokfor.com\/2\/wp-json\/wp\/v2\/tags?post=2350"}],"curies":[{"name":"wp","href":"https:\/\/api.w.org\/{rel}","templated":true}]}}