{"id":23494,"date":"2024-03-10T00:45:13","date_gmt":"2024-03-09T23:45:13","guid":{"rendered":"https:\/\/radiokfor.com\/2\/?p=23494"},"modified":"2024-03-08T14:47:08","modified_gmt":"2024-03-08T13:47:08","slug":"predstavljanje-huawei-p70-telefona-se-odlaze","status":"publish","type":"post","link":"https:\/\/radiokfor.com\/2\/predstavljanje-huawei-p70-telefona-se-odlaze\/","title":{"rendered":"Predstavljanje Huawei P70 telefona se odla\u017ee?"},"content":{"rendered":"<p>Sa velikim nestrpljenjem se o\u010dekivalo da \u0107e Huawei P70 biti lansiran ovog meseca u Kini, ali najnovije glasina iz ove zemlje tvrde da je promocija novog fleg\u0161ip telefona na kraju odlo\u017eena. Serija P70 bi prema najnovijim planovima, sada trebalo da postane ozvani\u010dena tokom narednog meseca, najverovatnije krajem aprila.<\/p>\n<p>U po\u010detku, kada je ova glasina po\u010dela da kru\u017ei internetom, u Kini se pojavilo mnogo spekulacija o tome da su glavni razlozi odlaganja premijere novog Huawei telefona, problemi u lancu snabdevanja. Pa ipak, jedan tipster na Weibo dru\u0161tvenoj mre\u017ei je opovrgao ove tvrdnje i demantovao \u010dinjenicu da ka\u0161njenje ima bilo kakve veze sa problemima u lancu snabdevanja potrebnim komponentama. Umesto toga, naveo je da je u pitanju komplikovana kombinacija vi\u0161e stvari koje su dovele do odlaganja, zbog \u010dinjenice da su pored P70 telefona najavljeni i mnogi drugi proizvodi ove kompanije, a \u0161to je zakomplikovalo \u010ditavu situaciju.<\/p>\n<p>Kompanija Huawei \u0107e organizovati i odr\u017eati veliki doga\u0111aj krajem meseca u vezi promocije, ali za vi\u0161e razli\u010ditih proizvoda.<\/p>\n","protected":false},"excerpt":{"rendered":"<p>Sa velikim nestrpljenjem se o\u010dekivalo da \u0107e Huawei P70 biti lansiran ovog meseca u Kini, ali najnovije glasina iz ove zemlje tvrde da je promocija novog fleg\u0161ip telefona na kraju odlo\u017eena. Serija P70 bi prema najnovijim planovima, sada trebalo da postane ozvani\u010dena tokom narednog meseca, najverovatnije krajem aprila. U po\u010detku, kada je ova glasina po\u010dela&hellip;<\/p>\n","protected":false},"author":2,"featured_media":23495,"comment_status":"closed","ping_status":"closed","sticky":false,"template":"","format":"standard","meta":{"footnotes":""},"categories":[2],"tags":[],"class_list":["post-23494","post","type-post","status-publish","format-standard","has-post-thumbnail","hentry","category-news","category-2","description-off"],"_links":{"self":[{"href":"https:\/\/radiokfor.com\/2\/wp-json\/wp\/v2\/posts\/23494","targetHints":{"allow":["GET"]}}],"collection":[{"href":"https:\/\/radiokfor.com\/2\/wp-json\/wp\/v2\/posts"}],"about":[{"href":"https:\/\/radiokfor.com\/2\/wp-json\/wp\/v2\/types\/post"}],"author":[{"embeddable":true,"href":"https:\/\/radiokfor.com\/2\/wp-json\/wp\/v2\/users\/2"}],"replies":[{"embeddable":true,"href":"https:\/\/radiokfor.com\/2\/wp-json\/wp\/v2\/comments?post=23494"}],"version-history":[{"count":2,"href":"https:\/\/radiokfor.com\/2\/wp-json\/wp\/v2\/posts\/23494\/revisions"}],"predecessor-version":[{"id":23497,"href":"https:\/\/radiokfor.com\/2\/wp-json\/wp\/v2\/posts\/23494\/revisions\/23497"}],"wp:featuredmedia":[{"embeddable":true,"href":"https:\/\/radiokfor.com\/2\/wp-json\/wp\/v2\/media\/23495"}],"wp:attachment":[{"href":"https:\/\/radiokfor.com\/2\/wp-json\/wp\/v2\/media?parent=23494"}],"wp:term":[{"taxonomy":"category","embeddable":true,"href":"https:\/\/radiokfor.com\/2\/wp-json\/wp\/v2\/categories?post=23494"},{"taxonomy":"post_tag","embeddable":true,"href":"https:\/\/radiokfor.com\/2\/wp-json\/wp\/v2\/tags?post=23494"}],"curies":[{"name":"wp","href":"https:\/\/api.w.org\/{rel}","templated":true}]}}