{"id":23490,"date":"2024-03-09T00:00:43","date_gmt":"2024-03-08T23:00:43","guid":{"rendered":"https:\/\/radiokfor.com\/2\/?p=23490"},"modified":"2024-03-08T13:53:01","modified_gmt":"2024-03-08T12:53:01","slug":"uskoro-u-bioskopima-20","status":"publish","type":"post","link":"https:\/\/radiokfor.com\/2\/uskoro-u-bioskopima-20\/","title":{"rendered":"Uskoro u bioskopima"},"content":{"rendered":"<p>AMELIJINA DECA<\/p>\n<p>Edvard i njegova devojka Rajli kre\u0107u na sever Portugala kako bi posetili Edvardovu <strong>davno zaboravljenu porodicu<\/strong>. Kada stignu u veli\u010danstvenu planinsku vilu Edvard je odu\u0161evljen \u0161to \u0107e sresti majku i brata blizanca i \u017eeljan je da se pove\u017ee sa svojim korenima.<\/p>\n<p>JA KAPETAN<\/p>\n<p>Mladi\u0107i Sejdu i Musa napu\u0161taju rodni Dakar i Senegal kako bi krenuli put Evrope, <strong>u potrazi za boljim \u017eivotom<\/strong>. Ovo je savremena Odiseja kroz opasnosti pustinje, u\u017ease pritvorskih centara u Libiji i opasnosti na moru.<\/p>\n<p>NEPO\u017dELJNI<\/p>\n<p>Nakon iznenadne smrti gradona\u010delnika, mladi lekar, idealista Pjer postavljen je da ga zameni. On namerava da <strong>nastavi politiku svog prethodnika<\/strong>, koji je sanjao o rehabilitaciji radni\u010dkog naselja.<\/p>\n<p>TONI, \u0160ELI I MAGI\u010cNO SVETLO<\/p>\n<p>Jedanaestogodi\u0161nji Toni <strong>ima jedinstvenu osobinu sa kojom je ro\u0111en \u2013 sija.<\/strong> Dane provodi kod kuc\u0301e u svom bunkeru sa c\u0301ebadima i sanja da ima prijatelja.<\/p>\n<p>Filmove sa \u00a0liste pogledajte u bioskopima od 14.03.2024.<\/p>\n","protected":false},"excerpt":{"rendered":"<p>AMELIJINA DECA Edvard i njegova devojka Rajli kre\u0107u na sever Portugala kako bi posetili Edvardovu davno zaboravljenu porodicu. Kada stignu u veli\u010danstvenu planinsku vilu Edvard je odu\u0161evljen \u0161to \u0107e sresti majku i brata blizanca i \u017eeljan je da se pove\u017ee sa svojim korenima. JA KAPETAN Mladi\u0107i Sejdu i Musa napu\u0161taju rodni Dakar i Senegal kako&hellip;<\/p>\n","protected":false},"author":6,"featured_media":23491,"comment_status":"closed","ping_status":"closed","sticky":false,"template":"","format":"standard","meta":{"footnotes":""},"categories":[2],"tags":[],"class_list":["post-23490","post","type-post","status-publish","format-standard","has-post-thumbnail","hentry","category-news","category-2","description-off"],"_links":{"self":[{"href":"https:\/\/radiokfor.com\/2\/wp-json\/wp\/v2\/posts\/23490","targetHints":{"allow":["GET"]}}],"collection":[{"href":"https:\/\/radiokfor.com\/2\/wp-json\/wp\/v2\/posts"}],"about":[{"href":"https:\/\/radiokfor.com\/2\/wp-json\/wp\/v2\/types\/post"}],"author":[{"embeddable":true,"href":"https:\/\/radiokfor.com\/2\/wp-json\/wp\/v2\/users\/6"}],"replies":[{"embeddable":true,"href":"https:\/\/radiokfor.com\/2\/wp-json\/wp\/v2\/comments?post=23490"}],"version-history":[{"count":1,"href":"https:\/\/radiokfor.com\/2\/wp-json\/wp\/v2\/posts\/23490\/revisions"}],"predecessor-version":[{"id":23492,"href":"https:\/\/radiokfor.com\/2\/wp-json\/wp\/v2\/posts\/23490\/revisions\/23492"}],"wp:featuredmedia":[{"embeddable":true,"href":"https:\/\/radiokfor.com\/2\/wp-json\/wp\/v2\/media\/23491"}],"wp:attachment":[{"href":"https:\/\/radiokfor.com\/2\/wp-json\/wp\/v2\/media?parent=23490"}],"wp:term":[{"taxonomy":"category","embeddable":true,"href":"https:\/\/radiokfor.com\/2\/wp-json\/wp\/v2\/categories?post=23490"},{"taxonomy":"post_tag","embeddable":true,"href":"https:\/\/radiokfor.com\/2\/wp-json\/wp\/v2\/tags?post=23490"}],"curies":[{"name":"wp","href":"https:\/\/api.w.org\/{rel}","templated":true}]}}