{"id":23471,"date":"2024-03-08T00:36:47","date_gmt":"2024-03-07T23:36:47","guid":{"rendered":"https:\/\/radiokfor.com\/2\/?p=23471"},"modified":"2024-03-05T10:37:45","modified_gmt":"2024-03-05T09:37:45","slug":"medunarodni-dan-zena-praznik-solidarnosti-borbe-i-ohrabrenja","status":"publish","type":"post","link":"https:\/\/radiokfor.com\/2\/medunarodni-dan-zena-praznik-solidarnosti-borbe-i-ohrabrenja\/","title":{"rendered":"Me\u0111unarodni dan \u017eena: Praznik solidarnosti, borbe i ohrabrenja"},"content":{"rendered":"<p>Svake godine, 8. mart ozna\u010dava dan kada se \u010ditav svet okuplja kako bi proslavio i odao po\u010dast \u017eenama. Me\u0111unarodni dan \u017eena ne samo da slavi dostignu\u0107a \u017eena u politici, dru\u0161tvu, ekonomiji i kulturi, ve\u0107 i podse\u0107a na borbu za rodnu ravnopravnost i napredak \u017eenskih prava \u0161irom sveta.<\/p>\n<p>Ovaj dan ima duboke korene u istoriji borbe \u017eena za ravnopravnost i prava. Prvi Me\u0111unarodni dan \u017eena obele\u017een je 8. marta 1911. godine, kada su hiljade \u017eena iza\u0161le na ulice Njujorka i drugih gradova kako bi se borile za prava \u017eena, uklju\u010duju\u0107i pravo glasa, pravo na rad, pravo na obrazovanje i smanjenje radnih sati.<\/p>\n<p>Ovaj dan nije samo prilika da se setimo pro\u0161lih dostignu\u0107a, ve\u0107 i da se osvrnemo na aktuelne izazove i nastavimo sa radom na stvaranju inkluzivnijeg i pravednijeg sveta za sve \u017eene.<\/p>\n<p>Kroz solidarnost, podr\u0161ku i zajedni\u010dku borbu, mo\u017eemo da ostvarimo promene. Svaka akcija, ma koliko mala, mo\u017ee imati zna\u010dajan uticaj. Svi mi, bez obzira na pol, mo\u017eemo biti saveznici u borbi za ravnopravnost polova, jer, samo zajedno, mo\u017eemo izgraditi bolju budu\u0107nost za sve.<\/p>\n<p>&nbsp;<\/p>\n","protected":false},"excerpt":{"rendered":"<p>Svake godine, 8. mart ozna\u010dava dan kada se \u010ditav svet okuplja kako bi proslavio i odao po\u010dast \u017eenama. Me\u0111unarodni dan \u017eena ne samo da slavi dostignu\u0107a \u017eena u politici, dru\u0161tvu, ekonomiji i kulturi, ve\u0107 i podse\u0107a na borbu za rodnu ravnopravnost i napredak \u017eenskih prava \u0161irom sveta. Ovaj dan ima duboke korene u istoriji borbe&hellip;<\/p>\n","protected":false},"author":2,"featured_media":6655,"comment_status":"closed","ping_status":"closed","sticky":false,"template":"","format":"standard","meta":{"footnotes":""},"categories":[2],"tags":[],"class_list":["post-23471","post","type-post","status-publish","format-standard","has-post-thumbnail","hentry","category-news","category-2","description-off"],"_links":{"self":[{"href":"https:\/\/radiokfor.com\/2\/wp-json\/wp\/v2\/posts\/23471","targetHints":{"allow":["GET"]}}],"collection":[{"href":"https:\/\/radiokfor.com\/2\/wp-json\/wp\/v2\/posts"}],"about":[{"href":"https:\/\/radiokfor.com\/2\/wp-json\/wp\/v2\/types\/post"}],"author":[{"embeddable":true,"href":"https:\/\/radiokfor.com\/2\/wp-json\/wp\/v2\/users\/2"}],"replies":[{"embeddable":true,"href":"https:\/\/radiokfor.com\/2\/wp-json\/wp\/v2\/comments?post=23471"}],"version-history":[{"count":1,"href":"https:\/\/radiokfor.com\/2\/wp-json\/wp\/v2\/posts\/23471\/revisions"}],"predecessor-version":[{"id":23472,"href":"https:\/\/radiokfor.com\/2\/wp-json\/wp\/v2\/posts\/23471\/revisions\/23472"}],"wp:featuredmedia":[{"embeddable":true,"href":"https:\/\/radiokfor.com\/2\/wp-json\/wp\/v2\/media\/6655"}],"wp:attachment":[{"href":"https:\/\/radiokfor.com\/2\/wp-json\/wp\/v2\/media?parent=23471"}],"wp:term":[{"taxonomy":"category","embeddable":true,"href":"https:\/\/radiokfor.com\/2\/wp-json\/wp\/v2\/categories?post=23471"},{"taxonomy":"post_tag","embeddable":true,"href":"https:\/\/radiokfor.com\/2\/wp-json\/wp\/v2\/tags?post=23471"}],"curies":[{"name":"wp","href":"https:\/\/api.w.org\/{rel}","templated":true}]}}