{"id":23397,"date":"2024-02-27T16:20:07","date_gmt":"2024-02-27T15:20:07","guid":{"rendered":"https:\/\/radiokfor.com\/2\/?p=23397"},"modified":"2024-02-27T16:20:07","modified_gmt":"2024-02-27T15:20:07","slug":"svetski-dan-nvo","status":"publish","type":"post","link":"https:\/\/radiokfor.com\/2\/svetski-dan-nvo\/","title":{"rendered":"SVETSKI DAN NVO"},"content":{"rendered":"<p>Svetski dan NVO se obele\u017eava se svakog 27. februara kako bi se istakla vrednost i doprinos NVO sektora u dru\u0161tvu.<\/p>\n<p>Nevladine organizacije imaju veliku ulogu u zajednici, time \u0161to ukazuju i unapre\u0111uju ljudska prava, podi\u017eu svest o za\u0161titi \u017eivotne sredine, a imaju i ogromnu ulogu u ja\u010danju obrazovanja i zdravstva.<\/p>\n<p>Sa obele\u017eavanjem Svetskog datuma NVO je zapo\u010deto 2010. godine i u po\u010detku se obele\u017eavao samo u nekoliko zemalja, a danas se proslavlja na globalnom nivou. Ovaj datum je idealna prilika za sve NVO organizacije \u0161irom sveta da razmene svoja iskustva i pomognu jedni drugima u ja\u010danju svog uticaja u zajednici. NVO organizacije su do sada mnogo izazova uspe\u0161no prevazi\u0161le, a mnogi izazovi tek predstoje.<\/p>\n<p>Dana\u0161nji datum je veoma bitan da bi se istakla uloga NVO i dala podr\u0161ka za sve ono \u010dime se ove organizacije bave.<\/p>\n","protected":false},"excerpt":{"rendered":"<p>Svetski dan NVO se obele\u017eava se svakog 27. februara kako bi se istakla vrednost i doprinos NVO sektora u dru\u0161tvu. Nevladine organizacije imaju veliku ulogu u zajednici, time \u0161to ukazuju i unapre\u0111uju ljudska prava, podi\u017eu svest o za\u0161titi \u017eivotne sredine, a imaju i ogromnu ulogu u ja\u010danju obrazovanja i zdravstva. Sa obele\u017eavanjem Svetskog datuma NVO&hellip;<\/p>\n","protected":false},"author":7,"featured_media":23400,"comment_status":"closed","ping_status":"closed","sticky":false,"template":"","format":"standard","meta":{"footnotes":""},"categories":[2],"tags":[],"class_list":["post-23397","post","type-post","status-publish","format-standard","has-post-thumbnail","hentry","category-news","category-2","description-off"],"_links":{"self":[{"href":"https:\/\/radiokfor.com\/2\/wp-json\/wp\/v2\/posts\/23397","targetHints":{"allow":["GET"]}}],"collection":[{"href":"https:\/\/radiokfor.com\/2\/wp-json\/wp\/v2\/posts"}],"about":[{"href":"https:\/\/radiokfor.com\/2\/wp-json\/wp\/v2\/types\/post"}],"author":[{"embeddable":true,"href":"https:\/\/radiokfor.com\/2\/wp-json\/wp\/v2\/users\/7"}],"replies":[{"embeddable":true,"href":"https:\/\/radiokfor.com\/2\/wp-json\/wp\/v2\/comments?post=23397"}],"version-history":[{"count":1,"href":"https:\/\/radiokfor.com\/2\/wp-json\/wp\/v2\/posts\/23397\/revisions"}],"predecessor-version":[{"id":23399,"href":"https:\/\/radiokfor.com\/2\/wp-json\/wp\/v2\/posts\/23397\/revisions\/23399"}],"wp:featuredmedia":[{"embeddable":true,"href":"https:\/\/radiokfor.com\/2\/wp-json\/wp\/v2\/media\/23400"}],"wp:attachment":[{"href":"https:\/\/radiokfor.com\/2\/wp-json\/wp\/v2\/media?parent=23397"}],"wp:term":[{"taxonomy":"category","embeddable":true,"href":"https:\/\/radiokfor.com\/2\/wp-json\/wp\/v2\/categories?post=23397"},{"taxonomy":"post_tag","embeddable":true,"href":"https:\/\/radiokfor.com\/2\/wp-json\/wp\/v2\/tags?post=23397"}],"curies":[{"name":"wp","href":"https:\/\/api.w.org\/{rel}","templated":true}]}}