{"id":23338,"date":"2024-02-17T00:01:23","date_gmt":"2024-02-16T23:01:23","guid":{"rendered":"https:\/\/radiokfor.com\/2\/?p=23338"},"modified":"2024-02-19T09:29:36","modified_gmt":"2024-02-19T08:29:36","slug":"danas-se-obelezava-svetski-dan-ljudskog-duha","status":"publish","type":"post","link":"https:\/\/radiokfor.com\/2\/danas-se-obelezava-svetski-dan-ljudskog-duha\/","title":{"rendered":"Danas se obele\u017eava Svetski dan ljudskog duha"},"content":{"rendered":"<p>Svetski dan ljudskog duha je proslava koja obele\u017eava zna\u010daj i snagu ljudskog duha u svetu. Ovaj dan se obi\u010dno slavi kao prilika za razmi\u0161ljanje o vrednostima kao \u0161to su empatija, kreativnost, tolerancija i solidarnost. To je prilika da se proslavi bogatstvo i raznovrsnost ljudske prirode, kao i da se podstakne po\u0161tovanje prava i sloboda svakog pojedinca.<\/p>\n<p>Obele\u017eavanje Svetskog dana ljudskog duha obi\u010dno uklju\u010duje razli\u010dite aktivnosti i inicijative koje promovi\u0161u razumevanje, toleranciju i po\u0161tovanje razli\u010ditosti. To mo\u017ee uklju\u010divati obrazovne radionice, kulturne doga\u0111aje, umetni\u010dke izlo\u017ebe, konferencije, kampanje za ljudska prava i druge zajedni\u010dke aktivnosti.<\/p>\n<p>Ovaj dan se obele\u017eava od 2003. godine.<\/p>\n","protected":false},"excerpt":{"rendered":"<p>Svetski dan ljudskog duha je proslava koja obele\u017eava zna\u010daj i snagu ljudskog duha u svetu. Ovaj dan se obi\u010dno slavi kao prilika za razmi\u0161ljanje o vrednostima kao \u0161to su empatija, kreativnost, tolerancija i solidarnost. To je prilika da se proslavi bogatstvo i raznovrsnost ljudske prirode, kao i da se podstakne po\u0161tovanje prava i sloboda svakog&hellip;<\/p>\n","protected":false},"author":7,"featured_media":23339,"comment_status":"closed","ping_status":"closed","sticky":false,"template":"","format":"standard","meta":{"footnotes":""},"categories":[2],"tags":[],"class_list":["post-23338","post","type-post","status-publish","format-standard","has-post-thumbnail","hentry","category-news","category-2","description-off"],"_links":{"self":[{"href":"https:\/\/radiokfor.com\/2\/wp-json\/wp\/v2\/posts\/23338","targetHints":{"allow":["GET"]}}],"collection":[{"href":"https:\/\/radiokfor.com\/2\/wp-json\/wp\/v2\/posts"}],"about":[{"href":"https:\/\/radiokfor.com\/2\/wp-json\/wp\/v2\/types\/post"}],"author":[{"embeddable":true,"href":"https:\/\/radiokfor.com\/2\/wp-json\/wp\/v2\/users\/7"}],"replies":[{"embeddable":true,"href":"https:\/\/radiokfor.com\/2\/wp-json\/wp\/v2\/comments?post=23338"}],"version-history":[{"count":2,"href":"https:\/\/radiokfor.com\/2\/wp-json\/wp\/v2\/posts\/23338\/revisions"}],"predecessor-version":[{"id":23341,"href":"https:\/\/radiokfor.com\/2\/wp-json\/wp\/v2\/posts\/23338\/revisions\/23341"}],"wp:featuredmedia":[{"embeddable":true,"href":"https:\/\/radiokfor.com\/2\/wp-json\/wp\/v2\/media\/23339"}],"wp:attachment":[{"href":"https:\/\/radiokfor.com\/2\/wp-json\/wp\/v2\/media?parent=23338"}],"wp:term":[{"taxonomy":"category","embeddable":true,"href":"https:\/\/radiokfor.com\/2\/wp-json\/wp\/v2\/categories?post=23338"},{"taxonomy":"post_tag","embeddable":true,"href":"https:\/\/radiokfor.com\/2\/wp-json\/wp\/v2\/tags?post=23338"}],"curies":[{"name":"wp","href":"https:\/\/api.w.org\/{rel}","templated":true}]}}