{"id":230,"date":"2018-08-17T15:02:01","date_gmt":"2018-08-17T15:02:01","guid":{"rendered":"http:\/\/radiokfor.com\/2\/?p=230"},"modified":"2018-11-27T15:04:04","modified_gmt":"2018-11-27T15:04:04","slug":"saradnja-druzenje-i-nasmejani-snovi","status":"publish","type":"post","link":"https:\/\/radiokfor.com\/2\/saradnja-druzenje-i-nasmejani-snovi\/","title":{"rendered":"Saradnja, dru\u017eenje i &#8220;Nasmejani snovi&#8221;"},"content":{"rendered":"<p>Glumci amaterskog pozori\u0161ta \u201eJani\u0107ije Popovi\u0107\u201c Doma kulture \u201eGra\u010danica\u201c pripremaju u De\u010dijem pozori\u0161tu u Subotici novu predstavu \u201eNasmejani snovi\u201c. Tekst, scenario i re\u017eiju potpisuje Bo\u0161ko Bo\u0161kov a premijera \u0107e biti izvedena 20. avgusta 2018. godine u Subotici.<\/p>\n<p>Predstava govori o ljubavi i snovima koji se mogu ostvariti samo ukoliko verujemo u njih.<\/p>\n<p>\u201ePredstava je svojevrsni eksperiment jer za veoma kratko vreme glumci moraju da savladaju sve od teksta do glume i da sve to prika\u017eu publici 30. avgusta. Predstoji nam mnogo posla ali ja verujem u ove talentovane mlade ljude i u ostvarenje njihovih snova\u201c, ka\u017ee reditelj Bo\u0161ko Bp\u0161kov koji je 2017. u Gra\u010danici re\u017eirao predstavu \u201eBudi to \u0161to jesi\u201c.<\/p>\n<p>Odlazak de\u010dijeg ansambla u Suboticu je deo dugogodi\u0161nje saradnje dva de\u010dja pozori\u0161ta i prilika za nova u\u010denja i upoznavanja.<\/p>\n<p>\u201eJako sam sre\u0107na \u0161to novu predstavu radimo u profesionalnom de\u010dijem pozori\u0161tu i \u0161to pored toga imamo priliku da se dru\u017eimo i upoznajemo sa svojim vr\u0161njacima iz Subotice\u201c, rekla je mlada glumica Nevena Nedeljkovi\u0107.<\/p>\n<p>Njen kolega Marko \u0110eki\u0107 smatra da je dobro \u0161to su ponovo sa rediteljem Bo\u0161kom sa kojim su radili i pro\u0161lu predstavu.<\/p>\n<p>\u201eBi\u0107e ovo ne\u0161to potpuno novo za nas jer u predstavi treba da glumimo sebe\u201c, obja\u0161njava Marko.<\/p>\n","protected":false},"excerpt":{"rendered":"<p>Glumci amaterskog pozori\u0161ta \u201eJani\u0107ije Popovi\u0107\u201c Doma kulture \u201eGra\u010danica\u201c pripremaju u De\u010dijem pozori\u0161tu u Subotici novu predstavu \u201eNasmejani snovi\u201c. Tekst, scenario i re\u017eiju potpisuje Bo\u0161ko Bo\u0161kov a premijera \u0107e biti izvedena 20. avgusta 2018. godine u Subotici. Predstava govori o ljubavi i snovima koji se mogu ostvariti samo ukoliko verujemo u njih. \u201ePredstava je svojevrsni eksperiment&hellip;<\/p>\n","protected":false},"author":2,"featured_media":69,"comment_status":"open","ping_status":"open","sticky":false,"template":"","format":"standard","meta":{"footnotes":""},"categories":[2],"tags":[46,47],"class_list":["post-230","post","type-post","status-publish","format-standard","has-post-thumbnail","hentry","category-news","tag-amatersko-pozoriste-janicije-popovic","tag-nasmejani-snovi","category-2","description-off"],"_links":{"self":[{"href":"https:\/\/radiokfor.com\/2\/wp-json\/wp\/v2\/posts\/230","targetHints":{"allow":["GET"]}}],"collection":[{"href":"https:\/\/radiokfor.com\/2\/wp-json\/wp\/v2\/posts"}],"about":[{"href":"https:\/\/radiokfor.com\/2\/wp-json\/wp\/v2\/types\/post"}],"author":[{"embeddable":true,"href":"https:\/\/radiokfor.com\/2\/wp-json\/wp\/v2\/users\/2"}],"replies":[{"embeddable":true,"href":"https:\/\/radiokfor.com\/2\/wp-json\/wp\/v2\/comments?post=230"}],"version-history":[{"count":1,"href":"https:\/\/radiokfor.com\/2\/wp-json\/wp\/v2\/posts\/230\/revisions"}],"predecessor-version":[{"id":232,"href":"https:\/\/radiokfor.com\/2\/wp-json\/wp\/v2\/posts\/230\/revisions\/232"}],"wp:featuredmedia":[{"embeddable":true,"href":"https:\/\/radiokfor.com\/2\/wp-json\/wp\/v2\/media\/69"}],"wp:attachment":[{"href":"https:\/\/radiokfor.com\/2\/wp-json\/wp\/v2\/media?parent=230"}],"wp:term":[{"taxonomy":"category","embeddable":true,"href":"https:\/\/radiokfor.com\/2\/wp-json\/wp\/v2\/categories?post=230"},{"taxonomy":"post_tag","embeddable":true,"href":"https:\/\/radiokfor.com\/2\/wp-json\/wp\/v2\/tags?post=230"}],"curies":[{"name":"wp","href":"https:\/\/api.w.org\/{rel}","templated":true}]}}