{"id":22949,"date":"2023-12-25T12:34:05","date_gmt":"2023-12-25T11:34:05","guid":{"rendered":"https:\/\/radiokfor.com\/2\/?p=22949"},"modified":"2023-12-26T12:36:07","modified_gmt":"2023-12-26T11:36:07","slug":"k4-radio-vam-zeli-srecan-bozic","status":"publish","type":"post","link":"https:\/\/radiokfor.com\/2\/k4-radio-vam-zeli-srecan-bozic\/","title":{"rendered":"K4 radio vam \u017eeli sre\u0107an Bo\u017ei\u0107"},"content":{"rendered":"<p>Po\u010dela je sezona praznika, a tokom Bo\u017ei\u0107nih dana, tradicionalno se okupljaju porodice i prijatelji koji zajedni\u010dki proslavljaju i obele\u017eavaju ove dane.<\/p>\n<p>Radio KFOR vam \u017eeli srec\u0301an Bo\u017eic\u0301, a to \u0107emo u\u010diniti \u010destitkom na vi\u0161e svetskih jezika:<\/p>\n<p>Na engleskom: Merry Christmas!<\/p>\n<p>Na srpskom jeziku: Sre\u0107an Bo\u017ei\u0107!<\/p>\n<p>Na albanskom: G\u00ebzuar Krishtlindjet!<\/p>\n<p>Na bosanskom: Sretan Bo\u017eic\u0301!<\/p>\n<p>Na turskom: Mutlu Noeller!<\/p>\n<p>Na hrvatskom: Sretan Bo\u017eic\u0301!<\/p>\n<p>Na bugarskom: Veselata Koleda!<\/p>\n<p>Na danskom: Gl\u00e6delig Jul!<\/p>\n<p>Na nema\u010dkom: Frohe Veihnachten!<\/p>\n<p>Na estonskom: Haid joule!<\/p>\n<p>Na finskom: Hivaa joulua!<\/p>\n<p>Na francuskom: Joieuk Noel!<\/p>\n<p>Na gr\u010dkom: Kala Christougenna!<\/p>\n<p>Na italijanskom: Buon Natale!<\/p>\n<p>Na makedonskom: Sreken Bo\u017eik<\/p>\n<p>Na norve\u0161kom: God jul<\/p>\n<p>Na poljskom: Veso\u0142ich Sviat!<\/p>\n<p>Na rumunskom: Craciun fericit!<\/p>\n<p>Na \u0161vedskom: God Jul<\/p>\n<p>Na slova\u010dkom: Vesele Vianoce!<\/p>\n<p>Na slovena\u010dkom: Srec\u0301an Bo\u017eic\u0301!<\/p>\n<p>Na \u0161panskom: Feliz Navidad!<\/p>\n<p>Na \u010de\u0161kom: Vesele Vanoce!<\/p>\n<p>&nbsp;<\/p>\n<p>Ovo su samo neki od jezika na kom mo\u017eete \u010destitati najve\u0107i hri\u0161\u0107anski praznik nekom prijatelju iz inostranstva.<\/p>\n","protected":false},"excerpt":{"rendered":"<p>Po\u010dela je sezona praznika, a tokom Bo\u017ei\u0107nih dana, tradicionalno se okupljaju porodice i prijatelji koji zajedni\u010dki proslavljaju i obele\u017eavaju ove dane. Radio KFOR vam \u017eeli srec\u0301an Bo\u017eic\u0301, a to \u0107emo u\u010diniti \u010destitkom na vi\u0161e svetskih jezika: Na engleskom: Merry Christmas! Na srpskom jeziku: Sre\u0107an Bo\u017ei\u0107! Na albanskom: G\u00ebzuar Krishtlindjet! Na bosanskom: Sretan Bo\u017eic\u0301! Na turskom:&hellip;<\/p>\n","protected":false},"author":2,"featured_media":22950,"comment_status":"closed","ping_status":"closed","sticky":false,"template":"","format":"standard","meta":{"footnotes":""},"categories":[2],"tags":[],"class_list":["post-22949","post","type-post","status-publish","format-standard","has-post-thumbnail","hentry","category-news","category-2","description-off"],"_links":{"self":[{"href":"https:\/\/radiokfor.com\/2\/wp-json\/wp\/v2\/posts\/22949","targetHints":{"allow":["GET"]}}],"collection":[{"href":"https:\/\/radiokfor.com\/2\/wp-json\/wp\/v2\/posts"}],"about":[{"href":"https:\/\/radiokfor.com\/2\/wp-json\/wp\/v2\/types\/post"}],"author":[{"embeddable":true,"href":"https:\/\/radiokfor.com\/2\/wp-json\/wp\/v2\/users\/2"}],"replies":[{"embeddable":true,"href":"https:\/\/radiokfor.com\/2\/wp-json\/wp\/v2\/comments?post=22949"}],"version-history":[{"count":2,"href":"https:\/\/radiokfor.com\/2\/wp-json\/wp\/v2\/posts\/22949\/revisions"}],"predecessor-version":[{"id":22952,"href":"https:\/\/radiokfor.com\/2\/wp-json\/wp\/v2\/posts\/22949\/revisions\/22952"}],"wp:featuredmedia":[{"embeddable":true,"href":"https:\/\/radiokfor.com\/2\/wp-json\/wp\/v2\/media\/22950"}],"wp:attachment":[{"href":"https:\/\/radiokfor.com\/2\/wp-json\/wp\/v2\/media?parent=22949"}],"wp:term":[{"taxonomy":"category","embeddable":true,"href":"https:\/\/radiokfor.com\/2\/wp-json\/wp\/v2\/categories?post=22949"},{"taxonomy":"post_tag","embeddable":true,"href":"https:\/\/radiokfor.com\/2\/wp-json\/wp\/v2\/tags?post=22949"}],"curies":[{"name":"wp","href":"https:\/\/api.w.org\/{rel}","templated":true}]}}