{"id":22695,"date":"2023-11-28T13:30:38","date_gmt":"2023-11-28T12:30:38","guid":{"rendered":"https:\/\/radiokfor.com\/2\/?p=22695"},"modified":"2023-11-28T13:31:37","modified_gmt":"2023-11-28T12:31:37","slug":"novi-broj-4you-magazina","status":"publish","type":"post","link":"https:\/\/radiokfor.com\/2\/novi-broj-4you-magazina\/","title":{"rendered":"Novi broj 4You Magazina"},"content":{"rendered":"<p>4You Magazin, koji je vi\u0161e od 2 decenije u rukama mladih ljudi iz svih \u0161kola na Kosovu, nastavlja da donosi inovacije sa sadr\u017eajem koji je podjednako zanimljiv, edukativan i informativan.<\/p>\n<p>\u0160ta c\u0301e sadr\u017eati novi broj otkrila nam je menad\u017eer \u010dasopisa Leonora \u0160abanaj Nik\u0161ic\u0301.<\/p>\n<p>\u201ePobrinuli smo se da i ovaj mesec bude sadr\u017eajno veoma bogat. Uklju\u010dili smo tutorijale, prili\u010dno zanimljive \u010dlanke, kao \u0161to je \u010dlanak koji vam donosi pri\u010du o doga\u0111aju \u201eLet&#8217;s do it Kosovo\u201c koji je organizovan kroz projekat \u201eO\u010distimo Kosovo\u201d, a govori o o\u010duvanju, \u010di\u0161c\u0301enju i odr\u017eavanju \u017eivotne sredine. Tako\u0111e smo obratili pa\u017enju na u\u010denika meseca, koji ovoga puta dolazi iz \u0161kole \u201eMiladin Miti\u0107\u201d iz Lapljeg Sela, a u sekciji \u201eMuzi\u010dka kutija\u201d ovog meseca \u010ditate o talentovanom bendu Gruv Hijeni. Me\u0111utim, ni to nije sve, tu su i brojni drugi \u010dlanci koji \u0107e se, nadam se dopasti omladini.\u201c<\/p>\n<p>Pored brojnih tema koje obra\u0111uje 4You Magazin, radnici ovog \u010dasopisa su svakog meseca sa u\u010denicima brojnih \u0161kola, kojima dele nove brojeve \u010dasopisa.<\/p>\n<p>I ti mo\u017ee\u0161 postati deo 4You Magazina, kroz razne pri\u010de i nagradne igre koje stalno organizuje, sa ciljem da podr\u017ei mlade i istakne njihov talenat.<\/p>\n","protected":false},"excerpt":{"rendered":"<p>4You Magazin, koji je vi\u0161e od 2 decenije u rukama mladih ljudi iz svih \u0161kola na Kosovu, nastavlja da donosi inovacije sa sadr\u017eajem koji je podjednako zanimljiv, edukativan i informativan. \u0160ta c\u0301e sadr\u017eati novi broj otkrila nam je menad\u017eer \u010dasopisa Leonora \u0160abanaj Nik\u0161ic\u0301. \u201ePobrinuli smo se da i ovaj mesec bude sadr\u017eajno veoma bogat. Uklju\u010dili&hellip;<\/p>\n","protected":false},"author":11,"featured_media":22696,"comment_status":"closed","ping_status":"closed","sticky":false,"template":"","format":"standard","meta":{"footnotes":""},"categories":[2],"tags":[],"class_list":["post-22695","post","type-post","status-publish","format-standard","has-post-thumbnail","hentry","category-news","category-2","description-off"],"_links":{"self":[{"href":"https:\/\/radiokfor.com\/2\/wp-json\/wp\/v2\/posts\/22695","targetHints":{"allow":["GET"]}}],"collection":[{"href":"https:\/\/radiokfor.com\/2\/wp-json\/wp\/v2\/posts"}],"about":[{"href":"https:\/\/radiokfor.com\/2\/wp-json\/wp\/v2\/types\/post"}],"author":[{"embeddable":true,"href":"https:\/\/radiokfor.com\/2\/wp-json\/wp\/v2\/users\/11"}],"replies":[{"embeddable":true,"href":"https:\/\/radiokfor.com\/2\/wp-json\/wp\/v2\/comments?post=22695"}],"version-history":[{"count":1,"href":"https:\/\/radiokfor.com\/2\/wp-json\/wp\/v2\/posts\/22695\/revisions"}],"predecessor-version":[{"id":22697,"href":"https:\/\/radiokfor.com\/2\/wp-json\/wp\/v2\/posts\/22695\/revisions\/22697"}],"wp:featuredmedia":[{"embeddable":true,"href":"https:\/\/radiokfor.com\/2\/wp-json\/wp\/v2\/media\/22696"}],"wp:attachment":[{"href":"https:\/\/radiokfor.com\/2\/wp-json\/wp\/v2\/media?parent=22695"}],"wp:term":[{"taxonomy":"category","embeddable":true,"href":"https:\/\/radiokfor.com\/2\/wp-json\/wp\/v2\/categories?post=22695"},{"taxonomy":"post_tag","embeddable":true,"href":"https:\/\/radiokfor.com\/2\/wp-json\/wp\/v2\/tags?post=22695"}],"curies":[{"name":"wp","href":"https:\/\/api.w.org\/{rel}","templated":true}]}}