{"id":22621,"date":"2023-11-20T15:59:21","date_gmt":"2023-11-20T14:59:21","guid":{"rendered":"https:\/\/radiokfor.com\/2\/?p=22621"},"modified":"2023-11-20T15:59:21","modified_gmt":"2023-11-20T14:59:21","slug":"kfor-ova-donacija-domu-kulture-u-strpcu","status":"publish","type":"post","link":"https:\/\/radiokfor.com\/2\/kfor-ova-donacija-domu-kulture-u-strpcu\/","title":{"rendered":"KFOR-ova donacija Domu kulture u \u0160trpcu"},"content":{"rendered":"<p>Osim \u0161to je tu da omogu\u0107i sigurno i bezbedno okru\u017eenje za sve, KFOR kroz razli\u010dite donacije poma\u017ee sve zajednice na Kosovu. Zahvaljuju\u0107i donaciji KFOR-a, Dom kulture Sveti Sava u \u0160trpcu mo\u0107i\u0107e da organizuje razli\u010dite doga\u0111aje i tokom hladnih dana.<\/p>\n<p>KFOR je kroz CIMIC ogranak ovoj ustanovi kulture donirao \u010detiri grejna ure\u0111aja.<\/p>\n<p>Direktor Doma kulture Sveti Sava u \u0160trpcu Zlatko Stanojevi\u0107 je u ime kolektiva ove insitucije zahvalio KFOR-u na ovoj vrednoj donaciji.<\/p>\n<p>\u201eImamo odli\u010dnu saradnju sa KFOR-om. Stalno smo u komunikaciji i jednom mese\u010dno organizujemo sastanke. Vrata Doma kulture su otvorena za sve, bez obzira na pripadnost i na naciju. Mi smo uslu\u017eni centar svim gra\u0111anima na\u0161e op\u0161tine i ne samo na\u0161e op\u0161tine ve\u0107 svima koji su dobronamerni\u201c.<\/p>\n<p>Donaciju je rukovodstvu Doma kulture uru\u010dio komandant Regionalne komande zapad Gabrisele Vacca.<\/p>\n<p>\u201eKao \u0161to znate, glavni cilj mandata KFOR-a je odr\u017eavanje sigurnog i bezbednog okru\u017eenja u skladu sa rezolucijom UN 1244. Me\u0111utim, KFOR je tako\u0111e tu da podstakne razvoj stabilnog, demokratskog, multietni\u010dkog i mirnog Kosova u \u010demu svaka op\u0161tina ima va\u017enu ulogu. Zadovoljstvo mi je da vam predam donaciju od \u010detiri prenosna greja\u010da na sagorevanje koji u duhu jedinstva simbolizuju vi\u0161e od topline. Oni podrazumevaju udobniji pristup jednom od kulturnih ognji\u0161ta va\u0161e op\u0161tine, dostupnom svima\u201c.<\/p>\n<p>KFOR \u0107e i u budu\u0107nosti nastaviti da poma\u017ee sve ljude na Kosovu.<\/p>\n","protected":false},"excerpt":{"rendered":"<p>Osim \u0161to je tu da omogu\u0107i sigurno i bezbedno okru\u017eenje za sve, KFOR kroz razli\u010dite donacije poma\u017ee sve zajednice na Kosovu. Zahvaljuju\u0107i donaciji KFOR-a, Dom kulture Sveti Sava u \u0160trpcu mo\u0107i\u0107e da organizuje razli\u010dite doga\u0111aje i tokom hladnih dana. KFOR je kroz CIMIC ogranak ovoj ustanovi kulture donirao \u010detiri grejna ure\u0111aja. Direktor Doma kulture Sveti&hellip;<\/p>\n","protected":false},"author":2,"featured_media":22622,"comment_status":"closed","ping_status":"closed","sticky":false,"template":"","format":"standard","meta":{"footnotes":""},"categories":[2],"tags":[],"class_list":["post-22621","post","type-post","status-publish","format-standard","has-post-thumbnail","hentry","category-news","category-2","description-off"],"_links":{"self":[{"href":"https:\/\/radiokfor.com\/2\/wp-json\/wp\/v2\/posts\/22621","targetHints":{"allow":["GET"]}}],"collection":[{"href":"https:\/\/radiokfor.com\/2\/wp-json\/wp\/v2\/posts"}],"about":[{"href":"https:\/\/radiokfor.com\/2\/wp-json\/wp\/v2\/types\/post"}],"author":[{"embeddable":true,"href":"https:\/\/radiokfor.com\/2\/wp-json\/wp\/v2\/users\/2"}],"replies":[{"embeddable":true,"href":"https:\/\/radiokfor.com\/2\/wp-json\/wp\/v2\/comments?post=22621"}],"version-history":[{"count":1,"href":"https:\/\/radiokfor.com\/2\/wp-json\/wp\/v2\/posts\/22621\/revisions"}],"predecessor-version":[{"id":22624,"href":"https:\/\/radiokfor.com\/2\/wp-json\/wp\/v2\/posts\/22621\/revisions\/22624"}],"wp:featuredmedia":[{"embeddable":true,"href":"https:\/\/radiokfor.com\/2\/wp-json\/wp\/v2\/media\/22622"}],"wp:attachment":[{"href":"https:\/\/radiokfor.com\/2\/wp-json\/wp\/v2\/media?parent=22621"}],"wp:term":[{"taxonomy":"category","embeddable":true,"href":"https:\/\/radiokfor.com\/2\/wp-json\/wp\/v2\/categories?post=22621"},{"taxonomy":"post_tag","embeddable":true,"href":"https:\/\/radiokfor.com\/2\/wp-json\/wp\/v2\/tags?post=22621"}],"curies":[{"name":"wp","href":"https:\/\/api.w.org\/{rel}","templated":true}]}}