{"id":22543,"date":"2023-11-19T11:40:15","date_gmt":"2023-11-19T10:40:15","guid":{"rendered":"https:\/\/radiokfor.com\/2\/?p=22543"},"modified":"2023-11-19T11:40:15","modified_gmt":"2023-11-19T10:40:15","slug":"svetski-dan-secanja-na-zrtve-saobracajnih-nesreca","status":"publish","type":"post","link":"https:\/\/radiokfor.com\/2\/svetski-dan-secanja-na-zrtve-saobracajnih-nesreca\/","title":{"rendered":"Svetski dan se\u0107anja na \u017ertve saobra\u0107ajnih nesre\u0107a"},"content":{"rendered":"<p>Ujedinjene nacije su 2005. godine po\u010dele da obele\u017eavaju Svetski dan se\u0107anja na \u017ertve saobra\u0107ajnih nesre\u0107a, koji se odr\u017eava svake godine u nedelju tre\u0107eg vikenda u novembru. Ova inicijativa ima za cilj da privu\u010de pa\u017enju javnosti na opasnosti na putevima i da po\u0161alje poruku o neophodnosti preduzimanja konkretnih koraka u smanjenju broja saobra\u0107ajnih nesre\u0107a i njihovih \u017ertava.<\/p>\n<p>Dan se koristi kao prilika za podse\u0107anje na bol i gubitak koje saobra\u0107ajne nesre\u0107e donose mnogim porodicama \u0161irom sveta. Cilj je podsticanje akcije na svim nivoima vlasti, od lokalnih zajednica do dr\u017eava i me\u0111unarodnih institucija. \u041evo je prilika da se obnove razgovori o zna\u010daju bezbednosti u saobra\u0107aju i prakti\u010dnim merama koje se mogu primeniti radi spre\u010davanja nesre\u0107a. Specifi\u010dni datum odabran je kako bi se omogu\u0107ilo zajednicama iz razli\u010ditih delova sveta da se pridru\u017ee obele\u017eavanju ovog zna\u010dajnog dana. Kroz razli\u010dite aktivnosti i kampanje, kao \u0161to su sve\u010danosti, postavljanje vremenskih spomenika i obrazovne aktivnosti, organizacije poku\u0161avaju da upute ljude na opasnosti i odgovornosti u saobra\u0107aju.<\/p>\n<p>Svetski dan se\u0107anja na \u017ertve saobra\u0107ajnih nesre\u0107a podse\u0107a nas da je sigurnost na putevima kolektivna odgovornost i zahteva saradnju svih delova dru\u0161tva. Kroz osve\u0161\u0107ivanje ljudi o opasnostima i promociju bezbednosti u saobra\u0107aju, mi mo\u017eemo zajedno raditi na stvaranju bezbednijeg i odgovornijeg okru\u017eenja na na\u0161im putevima.<\/p>\n","protected":false},"excerpt":{"rendered":"<p>Ujedinjene nacije su 2005. godine po\u010dele da obele\u017eavaju Svetski dan se\u0107anja na \u017ertve saobra\u0107ajnih nesre\u0107a, koji se odr\u017eava svake godine u nedelju tre\u0107eg vikenda u novembru. Ova inicijativa ima za cilj da privu\u010de pa\u017enju javnosti na opasnosti na putevima i da po\u0161alje poruku o neophodnosti preduzimanja konkretnih koraka u smanjenju broja saobra\u0107ajnih nesre\u0107a i njihovih&hellip;<\/p>\n","protected":false},"author":2,"featured_media":22544,"comment_status":"closed","ping_status":"closed","sticky":false,"template":"","format":"standard","meta":{"footnotes":""},"categories":[2],"tags":[],"class_list":["post-22543","post","type-post","status-publish","format-standard","has-post-thumbnail","hentry","category-news","category-2","description-off"],"_links":{"self":[{"href":"https:\/\/radiokfor.com\/2\/wp-json\/wp\/v2\/posts\/22543","targetHints":{"allow":["GET"]}}],"collection":[{"href":"https:\/\/radiokfor.com\/2\/wp-json\/wp\/v2\/posts"}],"about":[{"href":"https:\/\/radiokfor.com\/2\/wp-json\/wp\/v2\/types\/post"}],"author":[{"embeddable":true,"href":"https:\/\/radiokfor.com\/2\/wp-json\/wp\/v2\/users\/2"}],"replies":[{"embeddable":true,"href":"https:\/\/radiokfor.com\/2\/wp-json\/wp\/v2\/comments?post=22543"}],"version-history":[{"count":1,"href":"https:\/\/radiokfor.com\/2\/wp-json\/wp\/v2\/posts\/22543\/revisions"}],"predecessor-version":[{"id":22545,"href":"https:\/\/radiokfor.com\/2\/wp-json\/wp\/v2\/posts\/22543\/revisions\/22545"}],"wp:featuredmedia":[{"embeddable":true,"href":"https:\/\/radiokfor.com\/2\/wp-json\/wp\/v2\/media\/22544"}],"wp:attachment":[{"href":"https:\/\/radiokfor.com\/2\/wp-json\/wp\/v2\/media?parent=22543"}],"wp:term":[{"taxonomy":"category","embeddable":true,"href":"https:\/\/radiokfor.com\/2\/wp-json\/wp\/v2\/categories?post=22543"},{"taxonomy":"post_tag","embeddable":true,"href":"https:\/\/radiokfor.com\/2\/wp-json\/wp\/v2\/tags?post=22543"}],"curies":[{"name":"wp","href":"https:\/\/api.w.org\/{rel}","templated":true}]}}