{"id":22518,"date":"2023-12-03T00:00:07","date_gmt":"2023-12-02T23:00:07","guid":{"rendered":"https:\/\/radiokfor.com\/2\/?p=22518"},"modified":"2023-11-17T09:52:50","modified_gmt":"2023-11-17T08:52:50","slug":"medunarodni-dan-osoba-sa-invaliditetom-5","status":"publish","type":"post","link":"https:\/\/radiokfor.com\/2\/medunarodni-dan-osoba-sa-invaliditetom-5\/","title":{"rendered":"Me\u0111unarodni dan osoba sa invaliditetom"},"content":{"rendered":"<p>Me\u0111unarodni dan osoba sa invaliditetom obele\u017eava se svake godine 3. decembra, sa ciljem da se podigne svest o pravima i potrebama osoba sa invaliditetom, kao i da se istakne njihov doprinos dru\u0161tvu.<\/p>\n<p>Prema procenama UNICEF-a, u svetu ima oko 240 miliona dece s invaliditetom, koja se \u010desto suo\u010davaju s diskriminacijom, isklju\u010divanjem i nedostatkom pristupa\u010dnih usluga. UNICEF poziva vlade, organizacije i zajednice da rade na stvaranju inkluzivnog i pravednog sveta za sve osobe sa invaliditetom, posebno decu, kroz pru\u017eanje kvalitetnog obrazovanja, zdravstvene za\u0161tite, socijalne podr\u0161ke i za\u0161tite od nasilja.<\/p>\n<p>Me\u0111unarodni dan osoba sa invaliditetom je prilika da se prepozna i ceni raznolikost i potencijal osoba sa invaliditetom, kao i da se promovi\u0161e njihovo dostojanstvo, jednakost i u\u010destvovanje u svim sferama \u017eivota.<\/p>\n","protected":false},"excerpt":{"rendered":"<p>Me\u0111unarodni dan osoba sa invaliditetom obele\u017eava se svake godine 3. decembra, sa ciljem da se podigne svest o pravima i potrebama osoba sa invaliditetom, kao i da se istakne njihov doprinos dru\u0161tvu. Prema procenama UNICEF-a, u svetu ima oko 240 miliona dece s invaliditetom, koja se \u010desto suo\u010davaju s diskriminacijom, isklju\u010divanjem i nedostatkom pristupa\u010dnih usluga.&hellip;<\/p>\n","protected":false},"author":11,"featured_media":14362,"comment_status":"closed","ping_status":"closed","sticky":false,"template":"","format":"standard","meta":{"footnotes":""},"categories":[2],"tags":[],"class_list":["post-22518","post","type-post","status-publish","format-standard","has-post-thumbnail","hentry","category-news","category-2","description-off"],"_links":{"self":[{"href":"https:\/\/radiokfor.com\/2\/wp-json\/wp\/v2\/posts\/22518","targetHints":{"allow":["GET"]}}],"collection":[{"href":"https:\/\/radiokfor.com\/2\/wp-json\/wp\/v2\/posts"}],"about":[{"href":"https:\/\/radiokfor.com\/2\/wp-json\/wp\/v2\/types\/post"}],"author":[{"embeddable":true,"href":"https:\/\/radiokfor.com\/2\/wp-json\/wp\/v2\/users\/11"}],"replies":[{"embeddable":true,"href":"https:\/\/radiokfor.com\/2\/wp-json\/wp\/v2\/comments?post=22518"}],"version-history":[{"count":1,"href":"https:\/\/radiokfor.com\/2\/wp-json\/wp\/v2\/posts\/22518\/revisions"}],"predecessor-version":[{"id":22519,"href":"https:\/\/radiokfor.com\/2\/wp-json\/wp\/v2\/posts\/22518\/revisions\/22519"}],"wp:featuredmedia":[{"embeddable":true,"href":"https:\/\/radiokfor.com\/2\/wp-json\/wp\/v2\/media\/14362"}],"wp:attachment":[{"href":"https:\/\/radiokfor.com\/2\/wp-json\/wp\/v2\/media?parent=22518"}],"wp:term":[{"taxonomy":"category","embeddable":true,"href":"https:\/\/radiokfor.com\/2\/wp-json\/wp\/v2\/categories?post=22518"},{"taxonomy":"post_tag","embeddable":true,"href":"https:\/\/radiokfor.com\/2\/wp-json\/wp\/v2\/tags?post=22518"}],"curies":[{"name":"wp","href":"https:\/\/api.w.org\/{rel}","templated":true}]}}