{"id":22484,"date":"2023-11-20T00:00:41","date_gmt":"2023-11-19T23:00:41","guid":{"rendered":"https:\/\/radiokfor.com\/2\/?p=22484"},"modified":"2023-11-13T14:01:34","modified_gmt":"2023-11-13T13:01:34","slug":"svetski-dan-deteta","status":"publish","type":"post","link":"https:\/\/radiokfor.com\/2\/svetski-dan-deteta\/","title":{"rendered":"Svetski dan deteta"},"content":{"rendered":"<p>Svetski dan deteta je dan kada se slave de\u010dija prava i podse\u0107a na njihov zna\u010daj za budu\u0107nost sveta. Ovaj dan je ustanovljen 1954. godine od strane Generalne skup\u0161tine Ujedinjenih nacija i obele\u017eava se svake godine 20. novembra. To je dan kada je usvojena Konvencija o pravima deteta, najratifikovaniji dokument o ljudskim pravima u istoriji.<\/p>\n<p>Svetski dan deteta je prilika da se \u010duje glas dece i mladih, koji su pokreta\u010di promena i koji mogu da doprinesu re\u0161avanju izazova kao \u0161to su klimatske promene, siroma\u0161tvo, nasilje i diskriminacija. To je dan kada se slavi napredak koji je postignut za decu, ali i kada se ukazuje na probleme sa kojima se deca suo\u010davaju u razli\u010ditim delovima sveta i u razli\u010ditim oblastima \u017eivota. Dan kada zajedno radimo na tome da ni jedno dete ne ostane isklju\u010deno, zanemareno ili ugro\u017eeno.<\/p>\n<p>Svako dete ima pravo na \u017eivot, zdravlje, obrazovanje, igru, za\u0161titu, u\u010de\u0161\u0107e i dostojanstvo. Deca su na\u0161a najve\u0107a vrednost i na\u0161a najve\u0107a odgovornost. Zato radujmo se de\u010dijoj radoznalosti, kreativnosti, ma\u0161ti i snovima i zahvalimo im na tome \u0161to nas u\u010de da budemo bolji ljudi.<\/p>\n","protected":false},"excerpt":{"rendered":"<p>Svetski dan deteta je dan kada se slave de\u010dija prava i podse\u0107a na njihov zna\u010daj za budu\u0107nost sveta. Ovaj dan je ustanovljen 1954. godine od strane Generalne skup\u0161tine Ujedinjenih nacija i obele\u017eava se svake godine 20. novembra. To je dan kada je usvojena Konvencija o pravima deteta, najratifikovaniji dokument o ljudskim pravima u istoriji. Svetski&hellip;<\/p>\n","protected":false},"author":11,"featured_media":16650,"comment_status":"closed","ping_status":"closed","sticky":false,"template":"","format":"standard","meta":{"footnotes":""},"categories":[2],"tags":[],"class_list":["post-22484","post","type-post","status-publish","format-standard","has-post-thumbnail","hentry","category-news","category-2","description-off"],"_links":{"self":[{"href":"https:\/\/radiokfor.com\/2\/wp-json\/wp\/v2\/posts\/22484","targetHints":{"allow":["GET"]}}],"collection":[{"href":"https:\/\/radiokfor.com\/2\/wp-json\/wp\/v2\/posts"}],"about":[{"href":"https:\/\/radiokfor.com\/2\/wp-json\/wp\/v2\/types\/post"}],"author":[{"embeddable":true,"href":"https:\/\/radiokfor.com\/2\/wp-json\/wp\/v2\/users\/11"}],"replies":[{"embeddable":true,"href":"https:\/\/radiokfor.com\/2\/wp-json\/wp\/v2\/comments?post=22484"}],"version-history":[{"count":1,"href":"https:\/\/radiokfor.com\/2\/wp-json\/wp\/v2\/posts\/22484\/revisions"}],"predecessor-version":[{"id":22485,"href":"https:\/\/radiokfor.com\/2\/wp-json\/wp\/v2\/posts\/22484\/revisions\/22485"}],"wp:featuredmedia":[{"embeddable":true,"href":"https:\/\/radiokfor.com\/2\/wp-json\/wp\/v2\/media\/16650"}],"wp:attachment":[{"href":"https:\/\/radiokfor.com\/2\/wp-json\/wp\/v2\/media?parent=22484"}],"wp:term":[{"taxonomy":"category","embeddable":true,"href":"https:\/\/radiokfor.com\/2\/wp-json\/wp\/v2\/categories?post=22484"},{"taxonomy":"post_tag","embeddable":true,"href":"https:\/\/radiokfor.com\/2\/wp-json\/wp\/v2\/tags?post=22484"}],"curies":[{"name":"wp","href":"https:\/\/api.w.org\/{rel}","templated":true}]}}