{"id":22449,"date":"2023-11-09T00:00:25","date_gmt":"2023-11-08T23:00:25","guid":{"rendered":"https:\/\/radiokfor.com\/2\/?p=22449"},"modified":"2023-11-10T09:50:42","modified_gmt":"2023-11-10T08:50:42","slug":"svetski-dan-slobode","status":"publish","type":"post","link":"https:\/\/radiokfor.com\/2\/svetski-dan-slobode\/","title":{"rendered":"Svetski dan slobode"},"content":{"rendered":"<p>Svetski dan slobode se obele\u017eava svake godine kako bi se naglasila va\u017enost osnovnih ljudskih prava i sloboda \u0161irom sveta. Obele\u017eavanje ovog dana nas podse\u0107a da je sloboda osnovno pravo svakog pojedinca, nezavisno od rase, vere, ili nacionalne pripadnosti.<\/p>\n<p>Sloboda je klju\u010dna za napredak dru\u0161tava, mir i prosperitet. Ovaj dan nas podse\u0107a na neprocenjivu vrednost slobode izra\u017eavanja, mi\u0161ljenja, i udru\u017eivanja.<\/p>\n<p>Iako je veliki napredak postignut u borbi za ljudska prava, jo\u0161 uvek postoje izazovi \u0161irom sveta. Svetski dan slobode nas podse\u0107a da nikada ne smemo prestati da se borimo za pravednost i jednakost.<\/p>\n","protected":false},"excerpt":{"rendered":"<p>Svetski dan slobode se obele\u017eava svake godine kako bi se naglasila va\u017enost osnovnih ljudskih prava i sloboda \u0161irom sveta. Obele\u017eavanje ovog dana nas podse\u0107a da je sloboda osnovno pravo svakog pojedinca, nezavisno od rase, vere, ili nacionalne pripadnosti. Sloboda je klju\u010dna za napredak dru\u0161tava, mir i prosperitet. Ovaj dan nas podse\u0107a na neprocenjivu vrednost slobode&hellip;<\/p>\n","protected":false},"author":7,"featured_media":22450,"comment_status":"closed","ping_status":"closed","sticky":false,"template":"","format":"standard","meta":{"footnotes":""},"categories":[2],"tags":[],"class_list":["post-22449","post","type-post","status-publish","format-standard","has-post-thumbnail","hentry","category-news","category-2","description-off"],"_links":{"self":[{"href":"https:\/\/radiokfor.com\/2\/wp-json\/wp\/v2\/posts\/22449","targetHints":{"allow":["GET"]}}],"collection":[{"href":"https:\/\/radiokfor.com\/2\/wp-json\/wp\/v2\/posts"}],"about":[{"href":"https:\/\/radiokfor.com\/2\/wp-json\/wp\/v2\/types\/post"}],"author":[{"embeddable":true,"href":"https:\/\/radiokfor.com\/2\/wp-json\/wp\/v2\/users\/7"}],"replies":[{"embeddable":true,"href":"https:\/\/radiokfor.com\/2\/wp-json\/wp\/v2\/comments?post=22449"}],"version-history":[{"count":1,"href":"https:\/\/radiokfor.com\/2\/wp-json\/wp\/v2\/posts\/22449\/revisions"}],"predecessor-version":[{"id":22451,"href":"https:\/\/radiokfor.com\/2\/wp-json\/wp\/v2\/posts\/22449\/revisions\/22451"}],"wp:featuredmedia":[{"embeddable":true,"href":"https:\/\/radiokfor.com\/2\/wp-json\/wp\/v2\/media\/22450"}],"wp:attachment":[{"href":"https:\/\/radiokfor.com\/2\/wp-json\/wp\/v2\/media?parent=22449"}],"wp:term":[{"taxonomy":"category","embeddable":true,"href":"https:\/\/radiokfor.com\/2\/wp-json\/wp\/v2\/categories?post=22449"},{"taxonomy":"post_tag","embeddable":true,"href":"https:\/\/radiokfor.com\/2\/wp-json\/wp\/v2\/tags?post=22449"}],"curies":[{"name":"wp","href":"https:\/\/api.w.org\/{rel}","templated":true}]}}