{"id":224,"date":"2018-08-15T14:58:38","date_gmt":"2018-08-15T14:58:38","guid":{"rendered":"http:\/\/radiokfor.com\/2\/?p=224"},"modified":"2018-11-27T15:00:17","modified_gmt":"2018-11-27T15:00:17","slug":"drugi-deo-vulkan-festivala-graffiti-fest","status":"publish","type":"post","link":"https:\/\/radiokfor.com\/2\/drugi-deo-vulkan-festivala-graffiti-fest\/","title":{"rendered":"Drugi deo Vulkan festivala \u2013 Graffiti fest"},"content":{"rendered":"<div class=\"description\">\n<p>Na nekoliko lokacija na severu Kosova, u Mitrovici, Zve\u010danu i Zubinom Potoku, \u00a0bi\u0107e odr\u017ean GRAFFITI Fest, drugi deo festivala \u201cVulkan Fest\u201d. U\u010desnici \u0107e imati za priliku da nau\u010de pone\u0161to o uli\u010dnoj umetnosti odnosno o muralima i grafitima, a odmah posle toga da se i sami oprobaju u tome, zato organizatori pozivaju da se od 12 \u010dasova pridru\u017eite i zajedno sa njima nau\u010dite ne\u0161to novo, ali i kreativno se izrazite.<\/p>\n<p>\u201cVulkan Music Fest 2018\u201d predstavlja transformaciju nekada\u0161njeg \u201cBrodoloma\u201d, mini muzi\u010dkog festivala u festival muzike i grafita, a deo je velikog projekta u okviru \u201cCulture for Change\u201d, koji sprovode \u201cQendra multimedia\u201d i \u201cGete institute\u201d, uz finansijsku podr\u0161ku od strane Evropske unije.<\/p>\n<p>Organizatori pomenutog festivala su neformalna grupa mladih iz Zve\u010dana i Mitrovice, u saradnji sa NVO Lokalna inicijativa LINK.<\/p>\n<\/div>\n","protected":false},"excerpt":{"rendered":"<p>Na nekoliko lokacija na severu Kosova, u Mitrovici, Zve\u010danu i Zubinom Potoku, \u00a0bi\u0107e odr\u017ean GRAFFITI Fest, drugi deo festivala \u201cVulkan Fest\u201d. U\u010desnici \u0107e imati za priliku da nau\u010de pone\u0161to o uli\u010dnoj umetnosti odnosno o muralima i grafitima, a odmah posle toga da se i sami oprobaju u tome, zato organizatori pozivaju da se od 12&hellip;<\/p>\n","protected":false},"author":2,"featured_media":63,"comment_status":"open","ping_status":"open","sticky":false,"template":"","format":"standard","meta":{"footnotes":""},"categories":[2],"tags":[43,42],"class_list":["post-224","post","type-post","status-publish","format-standard","has-post-thumbnail","hentry","category-news","tag-graffiti-fest","tag-vulkan-fest","category-2","description-off"],"_links":{"self":[{"href":"https:\/\/radiokfor.com\/2\/wp-json\/wp\/v2\/posts\/224","targetHints":{"allow":["GET"]}}],"collection":[{"href":"https:\/\/radiokfor.com\/2\/wp-json\/wp\/v2\/posts"}],"about":[{"href":"https:\/\/radiokfor.com\/2\/wp-json\/wp\/v2\/types\/post"}],"author":[{"embeddable":true,"href":"https:\/\/radiokfor.com\/2\/wp-json\/wp\/v2\/users\/2"}],"replies":[{"embeddable":true,"href":"https:\/\/radiokfor.com\/2\/wp-json\/wp\/v2\/comments?post=224"}],"version-history":[{"count":1,"href":"https:\/\/radiokfor.com\/2\/wp-json\/wp\/v2\/posts\/224\/revisions"}],"predecessor-version":[{"id":226,"href":"https:\/\/radiokfor.com\/2\/wp-json\/wp\/v2\/posts\/224\/revisions\/226"}],"wp:featuredmedia":[{"embeddable":true,"href":"https:\/\/radiokfor.com\/2\/wp-json\/wp\/v2\/media\/63"}],"wp:attachment":[{"href":"https:\/\/radiokfor.com\/2\/wp-json\/wp\/v2\/media?parent=224"}],"wp:term":[{"taxonomy":"category","embeddable":true,"href":"https:\/\/radiokfor.com\/2\/wp-json\/wp\/v2\/categories?post=224"},{"taxonomy":"post_tag","embeddable":true,"href":"https:\/\/radiokfor.com\/2\/wp-json\/wp\/v2\/tags?post=224"}],"curies":[{"name":"wp","href":"https:\/\/api.w.org\/{rel}","templated":true}]}}