{"id":22262,"date":"2023-10-22T09:13:29","date_gmt":"2023-10-22T07:13:29","guid":{"rendered":"https:\/\/radiokfor.com\/2\/?p=22262"},"modified":"2023-10-22T09:13:29","modified_gmt":"2023-10-22T07:13:29","slug":"grncarska-radionica-za-osobe-sa-posebnim-potrebama-u-gracanici","status":"publish","type":"post","link":"https:\/\/radiokfor.com\/2\/grncarska-radionica-za-osobe-sa-posebnim-potrebama-u-gracanici\/","title":{"rendered":"Grn\u010darska radionica za osobe sa posebnim potrebama u Gra\u010danici"},"content":{"rendered":"<p>\u041areativno edukativne radionica za osobe sa posebnim potrebama po\u010dinje sutra 23.10.2023. u Domu kulture Gra\u010danica.<\/p>\n<p>Ova je tre\u0107a grn\u010darska radionica i polaznici su korisnici \u201e\u041au\u0107e za omladinu\u201c iz Gra\u010danice. Oni \u0107e poha\u0111ati grn\u010darsku radionicu, kao i niz psiholo\u0161kih radionica i predavanja koja obuhvataju oblasti pobolj\u0161avanja samopo\u0161tovanja, samopouzdanja, kao i pomo\u0107i drugima kako da nau\u010de da izraze svoja ose\u0107anja.<\/p>\n<p>Radovi nastali na ovoj radionica bi\u0107e predstavljeni na humanitarno prodajnoj izlo\u017ebi koja \u0107e biti organizovana u Galeriji Doma kulture Gra\u010danica.<\/p>\n","protected":false},"excerpt":{"rendered":"<p>\u041areativno edukativne radionica za osobe sa posebnim potrebama po\u010dinje sutra 23.10.2023. u Domu kulture Gra\u010danica. Ova je tre\u0107a grn\u010darska radionica i polaznici su korisnici \u201e\u041au\u0107e za omladinu\u201c iz Gra\u010danice. Oni \u0107e poha\u0111ati grn\u010darsku radionicu, kao i niz psiholo\u0161kih radionica i predavanja koja obuhvataju oblasti pobolj\u0161avanja samopo\u0161tovanja, samopouzdanja, kao i pomo\u0107i drugima kako da nau\u010de da&hellip;<\/p>\n","protected":false},"author":6,"featured_media":22263,"comment_status":"closed","ping_status":"closed","sticky":false,"template":"","format":"standard","meta":{"footnotes":""},"categories":[2],"tags":[],"class_list":["post-22262","post","type-post","status-publish","format-standard","has-post-thumbnail","hentry","category-news","category-2","description-off"],"_links":{"self":[{"href":"https:\/\/radiokfor.com\/2\/wp-json\/wp\/v2\/posts\/22262","targetHints":{"allow":["GET"]}}],"collection":[{"href":"https:\/\/radiokfor.com\/2\/wp-json\/wp\/v2\/posts"}],"about":[{"href":"https:\/\/radiokfor.com\/2\/wp-json\/wp\/v2\/types\/post"}],"author":[{"embeddable":true,"href":"https:\/\/radiokfor.com\/2\/wp-json\/wp\/v2\/users\/6"}],"replies":[{"embeddable":true,"href":"https:\/\/radiokfor.com\/2\/wp-json\/wp\/v2\/comments?post=22262"}],"version-history":[{"count":1,"href":"https:\/\/radiokfor.com\/2\/wp-json\/wp\/v2\/posts\/22262\/revisions"}],"predecessor-version":[{"id":22264,"href":"https:\/\/radiokfor.com\/2\/wp-json\/wp\/v2\/posts\/22262\/revisions\/22264"}],"wp:featuredmedia":[{"embeddable":true,"href":"https:\/\/radiokfor.com\/2\/wp-json\/wp\/v2\/media\/22263"}],"wp:attachment":[{"href":"https:\/\/radiokfor.com\/2\/wp-json\/wp\/v2\/media?parent=22262"}],"wp:term":[{"taxonomy":"category","embeddable":true,"href":"https:\/\/radiokfor.com\/2\/wp-json\/wp\/v2\/categories?post=22262"},{"taxonomy":"post_tag","embeddable":true,"href":"https:\/\/radiokfor.com\/2\/wp-json\/wp\/v2\/tags?post=22262"}],"curies":[{"name":"wp","href":"https:\/\/api.w.org\/{rel}","templated":true}]}}