{"id":2211,"date":"2017-06-10T14:52:35","date_gmt":"2017-06-10T14:52:35","guid":{"rendered":"http:\/\/radiokfor.com\/2\/?p=2211"},"modified":"2018-12-10T14:54:39","modified_gmt":"2018-12-10T14:54:39","slug":"koncert-grupe-kerber-u-gracanici","status":"publish","type":"post","link":"https:\/\/radiokfor.com\/2\/koncert-grupe-kerber-u-gracanici\/","title":{"rendered":"Koncert grupe Kerber u Gra\u010danici"},"content":{"rendered":"<p>Legendarna rok grupa Kerber, \u010dije hitove &#8220;Ratne igre&#8221;, &#8220;Bolje da sam druge ljubio&#8221;, &#8220;Na raskr\u0161\u0107u&#8221;, &#8220;Hajde da se volimo&#8221; kao i mnoge druge slu\u0161aju sve generacije, nastupi\u0107e u utorak 13. juna u Gra\u010danici.<\/p>\n<p>Grupu \u010diji trenutni sastav \u010dini trio, Goran \u0160epa Gale &#8211; vokal, Tomica Nikoli\u0107 -gitara i Bane Bo\u017einovi\u0107 &#8211; klavijatura, na velika vrata YU rok scene pojavili su se davne 1983. godine, gde su osvojili prvo mesto pesmom &#8220;Mezimac&#8221; na Omladinskom festivalu, odr\u017eanom u Subotici.<\/p>\n<p>Iza sebe imaju tri decenije uspe\u0161ne karijere, i njihovi hitovi su i danas\u00a0zastupljeni na svim radio stanicama, \u0161to dokazuje da je muzika koju oni rade kvalitetna, sa visokim standardom kako zvuka tako i vizuelnog nastupa.<\/p>\n<p>Koncert ce biti odr\u017ean na platou ispred Doma kulture &#8220;Gra\u010danica&#8221; sa po\u010detkom od 21 \u010das, a ulaz je besplatan.<\/p>\n","protected":false},"excerpt":{"rendered":"<p>Legendarna rok grupa Kerber, \u010dije hitove &#8220;Ratne igre&#8221;, &#8220;Bolje da sam druge ljubio&#8221;, &#8220;Na raskr\u0161\u0107u&#8221;, &#8220;Hajde da se volimo&#8221; kao i mnoge druge slu\u0161aju sve generacije, nastupi\u0107e u utorak 13. juna u Gra\u010danici. Grupu \u010diji trenutni sastav \u010dini trio, Goran \u0160epa Gale &#8211; vokal, Tomica Nikoli\u0107 -gitara i Bane Bo\u017einovi\u0107 &#8211; klavijatura, na velika vrata&hellip;<\/p>\n","protected":false},"author":2,"featured_media":1140,"comment_status":"open","ping_status":"open","sticky":false,"template":"","format":"standard","meta":{"footnotes":""},"categories":[2],"tags":[13,450,326],"class_list":["post-2211","post","type-post","status-publish","format-standard","has-post-thumbnail","hentry","category-news","tag-gracanica","tag-kerber","tag-koncert","category-2","description-off"],"_links":{"self":[{"href":"https:\/\/radiokfor.com\/2\/wp-json\/wp\/v2\/posts\/2211","targetHints":{"allow":["GET"]}}],"collection":[{"href":"https:\/\/radiokfor.com\/2\/wp-json\/wp\/v2\/posts"}],"about":[{"href":"https:\/\/radiokfor.com\/2\/wp-json\/wp\/v2\/types\/post"}],"author":[{"embeddable":true,"href":"https:\/\/radiokfor.com\/2\/wp-json\/wp\/v2\/users\/2"}],"replies":[{"embeddable":true,"href":"https:\/\/radiokfor.com\/2\/wp-json\/wp\/v2\/comments?post=2211"}],"version-history":[{"count":1,"href":"https:\/\/radiokfor.com\/2\/wp-json\/wp\/v2\/posts\/2211\/revisions"}],"predecessor-version":[{"id":2213,"href":"https:\/\/radiokfor.com\/2\/wp-json\/wp\/v2\/posts\/2211\/revisions\/2213"}],"wp:featuredmedia":[{"embeddable":true,"href":"https:\/\/radiokfor.com\/2\/wp-json\/wp\/v2\/media\/1140"}],"wp:attachment":[{"href":"https:\/\/radiokfor.com\/2\/wp-json\/wp\/v2\/media?parent=2211"}],"wp:term":[{"taxonomy":"category","embeddable":true,"href":"https:\/\/radiokfor.com\/2\/wp-json\/wp\/v2\/categories?post=2211"},{"taxonomy":"post_tag","embeddable":true,"href":"https:\/\/radiokfor.com\/2\/wp-json\/wp\/v2\/tags?post=2211"}],"curies":[{"name":"wp","href":"https:\/\/api.w.org\/{rel}","templated":true}]}}