{"id":2202,"date":"2017-06-14T14:23:50","date_gmt":"2017-06-14T14:23:50","guid":{"rendered":"http:\/\/radiokfor.com\/2\/?p=2202"},"modified":"2018-12-10T14:26:33","modified_gmt":"2018-12-10T14:26:33","slug":"tradicionalni-koncert-klasicne-gitare-u-mitrovici","status":"publish","type":"post","link":"https:\/\/radiokfor.com\/2\/tradicionalni-koncert-klasicne-gitare-u-mitrovici\/","title":{"rendered":"Tradicionalni koncert klasi\u010dne gitare u Mitrovici"},"content":{"rendered":"<p>U petak, 16. juna od 18 \u010dasova u prostorijama galerije \u201cAquarius\u201d u Mitrovici, svoje klasi\u010dno gitarsko ume\u0107e publici \u0107e predstaviti u\u010denici srednje muzi\u010dke \u0161kole \u201cMiodrag Vasiljevi\u0107\u201d iz Mitrovice.<\/p>\n<p>Talentovani u\u010denici u klasi Petra Raki\u0107a i ove godine \u0107e imati priliku da svoj talenat poka\u017eu mitrova\u010dkoj publici kao svoj zavr\u0161ni koncert. Sve ve\u0107i broj zainteresovanih u\u010denika koji \u017eele da u\u010de klasi\u010dnu gitaru, kao i da nastave sa svojim obrazovanjem na vi\u0161im nivoima sve do Akademije je jedan od glavnih razloga za\u0161to ova manifestacija ne gubi na zna\u010daju i s godinama raste pose\u0107enost.<\/p>\n<p>Organizatori koncerta klasi\u010dne gitare su galerija \u201cAquarius\u201d i srednja muzi\u010dka \u0161kola \u201cMiodrag Vasiljevic\u201d.<\/p>\n","protected":false},"excerpt":{"rendered":"<p>U petak, 16. juna od 18 \u010dasova u prostorijama galerije \u201cAquarius\u201d u Mitrovici, svoje klasi\u010dno gitarsko ume\u0107e publici \u0107e predstaviti u\u010denici srednje muzi\u010dke \u0161kole \u201cMiodrag Vasiljevi\u0107\u201d iz Mitrovice. Talentovani u\u010denici u klasi Petra Raki\u0107a i ove godine \u0107e imati priliku da svoj talenat poka\u017eu mitrova\u010dkoj publici kao svoj zavr\u0161ni koncert. Sve ve\u0107i broj zainteresovanih u\u010denika&hellip;<\/p>\n","protected":false},"author":2,"featured_media":2204,"comment_status":"open","ping_status":"open","sticky":false,"template":"","format":"standard","meta":{"footnotes":""},"categories":[2],"tags":[17,811,326],"class_list":["post-2202","post","type-post","status-publish","format-standard","has-post-thumbnail","hentry","category-news","tag-galerija-akvarijus","tag-klasicna-gitara","tag-koncert","category-2","description-off"],"_links":{"self":[{"href":"https:\/\/radiokfor.com\/2\/wp-json\/wp\/v2\/posts\/2202","targetHints":{"allow":["GET"]}}],"collection":[{"href":"https:\/\/radiokfor.com\/2\/wp-json\/wp\/v2\/posts"}],"about":[{"href":"https:\/\/radiokfor.com\/2\/wp-json\/wp\/v2\/types\/post"}],"author":[{"embeddable":true,"href":"https:\/\/radiokfor.com\/2\/wp-json\/wp\/v2\/users\/2"}],"replies":[{"embeddable":true,"href":"https:\/\/radiokfor.com\/2\/wp-json\/wp\/v2\/comments?post=2202"}],"version-history":[{"count":1,"href":"https:\/\/radiokfor.com\/2\/wp-json\/wp\/v2\/posts\/2202\/revisions"}],"predecessor-version":[{"id":2205,"href":"https:\/\/radiokfor.com\/2\/wp-json\/wp\/v2\/posts\/2202\/revisions\/2205"}],"wp:featuredmedia":[{"embeddable":true,"href":"https:\/\/radiokfor.com\/2\/wp-json\/wp\/v2\/media\/2204"}],"wp:attachment":[{"href":"https:\/\/radiokfor.com\/2\/wp-json\/wp\/v2\/media?parent=2202"}],"wp:term":[{"taxonomy":"category","embeddable":true,"href":"https:\/\/radiokfor.com\/2\/wp-json\/wp\/v2\/categories?post=2202"},{"taxonomy":"post_tag","embeddable":true,"href":"https:\/\/radiokfor.com\/2\/wp-json\/wp\/v2\/tags?post=2202"}],"curies":[{"name":"wp","href":"https:\/\/api.w.org\/{rel}","templated":true}]}}