{"id":2195,"date":"2017-06-19T13:57:17","date_gmt":"2017-06-19T13:57:17","guid":{"rendered":"http:\/\/radiokfor.com\/2\/?p=2195"},"modified":"2018-12-10T14:00:09","modified_gmt":"2018-12-10T14:00:09","slug":"moj-everest-san-i-java-dragana-rajblovic","status":"publish","type":"post","link":"https:\/\/radiokfor.com\/2\/moj-everest-san-i-java-dragana-rajblovic\/","title":{"rendered":"&#8220;Moj Everest &#8211; san i java&#8221; &#8211; Dragana Rajblovi\u0107"},"content":{"rendered":"<p>Promocija knjige, koja govori o poduhvatu na mo\u0107ne Himalaje, \u201eMoj Everest \u2013 san i java\u201c, odr\u017ea\u0107e se u sredu, 21. juna od 19 \u010dasova u Aktiv Art Centru u Mitrovici.<\/p>\n<p>Dragana Rajblovi\u0107 koja se 2007. godine, kao prva \u017eena sa Balkana, popela na najvi\u0161i vrh sveta Mt. Everest (8850m) na Himalajima, u knjizi govori o svom poduhvatu, do\u017eivljajima, impresijama, ali i pravilima pona\u0161anja u ekstremnim uslovima i na velikim visinama.<\/p>\n<p>Autorka ve\u0107i deo knjige posve\u0107uje svom usponu na Everest, ali opisan je i pohod na \u010co Oju (8200 m), \u0161esti vrh sveta, i svih planina koje su prethodile kao priprema za uspon na \u201ekrov sveta\u201c.<\/p>\n<p>Po prvi put, na promociji knjige, publika \u0107e imati priliku da pogleda snimke sa najvi\u0161eg vrha sveta, koje je zabele\u017eio \u010dlan ekspedijice 2007. godine.<\/p>\n","protected":false},"excerpt":{"rendered":"<p>Promocija knjige, koja govori o poduhvatu na mo\u0107ne Himalaje, \u201eMoj Everest \u2013 san i java\u201c, odr\u017ea\u0107e se u sredu, 21. juna od 19 \u010dasova u Aktiv Art Centru u Mitrovici. Dragana Rajblovi\u0107 koja se 2007. godine, kao prva \u017eena sa Balkana, popela na najvi\u0161i vrh sveta Mt. Everest (8850m) na Himalajima, u knjizi govori o&hellip;<\/p>\n","protected":false},"author":2,"featured_media":2197,"comment_status":"open","ping_status":"open","sticky":false,"template":"","format":"standard","meta":{"footnotes":""},"categories":[2],"tags":[],"class_list":["post-2195","post","type-post","status-publish","format-standard","has-post-thumbnail","hentry","category-news","category-2","description-off"],"_links":{"self":[{"href":"https:\/\/radiokfor.com\/2\/wp-json\/wp\/v2\/posts\/2195","targetHints":{"allow":["GET"]}}],"collection":[{"href":"https:\/\/radiokfor.com\/2\/wp-json\/wp\/v2\/posts"}],"about":[{"href":"https:\/\/radiokfor.com\/2\/wp-json\/wp\/v2\/types\/post"}],"author":[{"embeddable":true,"href":"https:\/\/radiokfor.com\/2\/wp-json\/wp\/v2\/users\/2"}],"replies":[{"embeddable":true,"href":"https:\/\/radiokfor.com\/2\/wp-json\/wp\/v2\/comments?post=2195"}],"version-history":[{"count":1,"href":"https:\/\/radiokfor.com\/2\/wp-json\/wp\/v2\/posts\/2195\/revisions"}],"predecessor-version":[{"id":2198,"href":"https:\/\/radiokfor.com\/2\/wp-json\/wp\/v2\/posts\/2195\/revisions\/2198"}],"wp:featuredmedia":[{"embeddable":true,"href":"https:\/\/radiokfor.com\/2\/wp-json\/wp\/v2\/media\/2197"}],"wp:attachment":[{"href":"https:\/\/radiokfor.com\/2\/wp-json\/wp\/v2\/media?parent=2195"}],"wp:term":[{"taxonomy":"category","embeddable":true,"href":"https:\/\/radiokfor.com\/2\/wp-json\/wp\/v2\/categories?post=2195"},{"taxonomy":"post_tag","embeddable":true,"href":"https:\/\/radiokfor.com\/2\/wp-json\/wp\/v2\/tags?post=2195"}],"curies":[{"name":"wp","href":"https:\/\/api.w.org\/{rel}","templated":true}]}}