{"id":21852,"date":"2023-09-07T15:44:21","date_gmt":"2023-09-07T13:44:21","guid":{"rendered":"https:\/\/radiokfor.com\/2\/?p=21852"},"modified":"2023-09-07T15:44:21","modified_gmt":"2023-09-07T13:44:21","slug":"medunarodni-dan-cistog-vazduha-za-plavo-nebo-3","status":"publish","type":"post","link":"https:\/\/radiokfor.com\/2\/medunarodni-dan-cistog-vazduha-za-plavo-nebo-3\/","title":{"rendered":"Me\u0111unarodni dan \u010distog vazduha za plavo nebo"},"content":{"rendered":"<p>Me\u0111unarodni dan \u010distog vazduha za plavo nebo je dan koji se obele\u017eava 7. septembra svake godine od 2019. godine, kada ga je proglasila Generalna skup\u0161tina Ujedinjenih nacija.<\/p>\n<p>Cilj ovog dana je da se uka\u017ee na zna\u010daj i posledice zaga\u0111enja vazduha za zdravlje ljudi i planete, kao i da se podr\u017ee akcije koje imaju za cilj pobolj\u0161anje kvaliteta vazduha.<\/p>\n<p>Zaga\u0111enje vazduha je globalni problem koji nesrazmerno uti\u010de na one koji \u017eive u zemljama u razvoju. Zaga\u0111enje vazduha je jedan od glavnih uzroka smrti i bolesti koje se mogu izbec\u0301i, a povezano je i sa klimatskim promenama, gubitkom biodiverziteta, drugim oblicima zaga\u0111enja, kao i sa ekonomskim razvojem.<\/p>\n<p>Da biste se za\u0161titili od zaga\u0111enja vazduha, pre svega, borite se za \u017eivotnu sredinu ali dajte i svoj doprinos toj borbi.<\/p>\n","protected":false},"excerpt":{"rendered":"<p>Me\u0111unarodni dan \u010distog vazduha za plavo nebo je dan koji se obele\u017eava 7. septembra svake godine od 2019. godine, kada ga je proglasila Generalna skup\u0161tina Ujedinjenih nacija. Cilj ovog dana je da se uka\u017ee na zna\u010daj i posledice zaga\u0111enja vazduha za zdravlje ljudi i planete, kao i da se podr\u017ee akcije koje imaju za cilj&hellip;<\/p>\n","protected":false},"author":2,"featured_media":21853,"comment_status":"closed","ping_status":"closed","sticky":false,"template":"","format":"standard","meta":{"footnotes":""},"categories":[2],"tags":[],"class_list":["post-21852","post","type-post","status-publish","format-standard","has-post-thumbnail","hentry","category-news","category-2","description-off"],"_links":{"self":[{"href":"https:\/\/radiokfor.com\/2\/wp-json\/wp\/v2\/posts\/21852","targetHints":{"allow":["GET"]}}],"collection":[{"href":"https:\/\/radiokfor.com\/2\/wp-json\/wp\/v2\/posts"}],"about":[{"href":"https:\/\/radiokfor.com\/2\/wp-json\/wp\/v2\/types\/post"}],"author":[{"embeddable":true,"href":"https:\/\/radiokfor.com\/2\/wp-json\/wp\/v2\/users\/2"}],"replies":[{"embeddable":true,"href":"https:\/\/radiokfor.com\/2\/wp-json\/wp\/v2\/comments?post=21852"}],"version-history":[{"count":1,"href":"https:\/\/radiokfor.com\/2\/wp-json\/wp\/v2\/posts\/21852\/revisions"}],"predecessor-version":[{"id":21854,"href":"https:\/\/radiokfor.com\/2\/wp-json\/wp\/v2\/posts\/21852\/revisions\/21854"}],"wp:featuredmedia":[{"embeddable":true,"href":"https:\/\/radiokfor.com\/2\/wp-json\/wp\/v2\/media\/21853"}],"wp:attachment":[{"href":"https:\/\/radiokfor.com\/2\/wp-json\/wp\/v2\/media?parent=21852"}],"wp:term":[{"taxonomy":"category","embeddable":true,"href":"https:\/\/radiokfor.com\/2\/wp-json\/wp\/v2\/categories?post=21852"},{"taxonomy":"post_tag","embeddable":true,"href":"https:\/\/radiokfor.com\/2\/wp-json\/wp\/v2\/tags?post=21852"}],"curies":[{"name":"wp","href":"https:\/\/api.w.org\/{rel}","templated":true}]}}