{"id":21808,"date":"2023-09-04T11:45:36","date_gmt":"2023-09-04T09:45:36","guid":{"rendered":"https:\/\/radiokfor.com\/2\/?p=21808"},"modified":"2023-09-04T11:45:36","modified_gmt":"2023-09-04T09:45:36","slug":"deluj-lokalno-saraduj-regionalno","status":"publish","type":"post","link":"https:\/\/radiokfor.com\/2\/deluj-lokalno-saraduj-regionalno\/","title":{"rendered":"Deluj lokalno sara\u0111uj regionalno"},"content":{"rendered":"<p>Pozivamo mlade ljude, a posebno iz op\u0161tina Gra\u010danica, Pri\u0161tina, Obili\u0107, Lipljan i \u041aosovo Polje da se pridru\u017ee na\u0161im radionicama u prirodi pod nazivom &#8220;Zajedno za o\u010duvanje \u017eivotne sredine&#8221;. Iz udru\u017eenje mladih iz Gra\u010danice isti\u010du da je ovo jedinstvena prilika koja omogu\u0107ava svim u\u010desnicima da se bolje upoznaju sa zna\u010dajem ekologije, p\u010delarstva i me\u0111usobne saradnje.<\/p>\n<p>Projekat &#8220;Deluj lokalno sara\u0111uj regionalno&#8221; realizuje Udru\u017eenje mladih iz Gra\u010danice, a podr\u017ean je od strane SMART Balkans.<\/p>\n<p>Datum odr\u017eavanja radionica je: 7. i 8. septembar 2023. Lokacija: P\u010delinji park, Preoce, op\u0161tina Gra\u010danica.<\/p>\n<p>Svi zainteresovani mogu se prijaviti <a href=\"https:\/\/forms.gle\/y2VMsVGF4PPaFhD1A\">ovde<\/a>.<\/p>\n","protected":false},"excerpt":{"rendered":"<p>Pozivamo mlade ljude, a posebno iz op\u0161tina Gra\u010danica, Pri\u0161tina, Obili\u0107, Lipljan i \u041aosovo Polje da se pridru\u017ee na\u0161im radionicama u prirodi pod nazivom &#8220;Zajedno za o\u010duvanje \u017eivotne sredine&#8221;. Iz udru\u017eenje mladih iz Gra\u010danice isti\u010du da je ovo jedinstvena prilika koja omogu\u0107ava svim u\u010desnicima da se bolje upoznaju sa zna\u010dajem ekologije, p\u010delarstva i me\u0111usobne saradnje. Projekat&hellip;<\/p>\n","protected":false},"author":10,"featured_media":21809,"comment_status":"closed","ping_status":"closed","sticky":false,"template":"","format":"standard","meta":{"footnotes":""},"categories":[2],"tags":[],"class_list":["post-21808","post","type-post","status-publish","format-standard","has-post-thumbnail","hentry","category-news","category-2","description-off"],"_links":{"self":[{"href":"https:\/\/radiokfor.com\/2\/wp-json\/wp\/v2\/posts\/21808","targetHints":{"allow":["GET"]}}],"collection":[{"href":"https:\/\/radiokfor.com\/2\/wp-json\/wp\/v2\/posts"}],"about":[{"href":"https:\/\/radiokfor.com\/2\/wp-json\/wp\/v2\/types\/post"}],"author":[{"embeddable":true,"href":"https:\/\/radiokfor.com\/2\/wp-json\/wp\/v2\/users\/10"}],"replies":[{"embeddable":true,"href":"https:\/\/radiokfor.com\/2\/wp-json\/wp\/v2\/comments?post=21808"}],"version-history":[{"count":1,"href":"https:\/\/radiokfor.com\/2\/wp-json\/wp\/v2\/posts\/21808\/revisions"}],"predecessor-version":[{"id":21810,"href":"https:\/\/radiokfor.com\/2\/wp-json\/wp\/v2\/posts\/21808\/revisions\/21810"}],"wp:featuredmedia":[{"embeddable":true,"href":"https:\/\/radiokfor.com\/2\/wp-json\/wp\/v2\/media\/21809"}],"wp:attachment":[{"href":"https:\/\/radiokfor.com\/2\/wp-json\/wp\/v2\/media?parent=21808"}],"wp:term":[{"taxonomy":"category","embeddable":true,"href":"https:\/\/radiokfor.com\/2\/wp-json\/wp\/v2\/categories?post=21808"},{"taxonomy":"post_tag","embeddable":true,"href":"https:\/\/radiokfor.com\/2\/wp-json\/wp\/v2\/tags?post=21808"}],"curies":[{"name":"wp","href":"https:\/\/api.w.org\/{rel}","templated":true}]}}