{"id":2175,"date":"2017-07-01T13:39:04","date_gmt":"2017-07-01T13:39:04","guid":{"rendered":"http:\/\/radiokfor.com\/2\/?p=2175"},"modified":"2018-12-10T13:45:31","modified_gmt":"2018-12-10T13:45:31","slug":"ema-miodragovic-solisticki-koncert","status":"publish","type":"post","link":"https:\/\/radiokfor.com\/2\/ema-miodragovic-solisticki-koncert\/","title":{"rendered":"Ema Miodragovi\u0107 &#8211; solisti\u010dki koncert"},"content":{"rendered":"<p>Solisti\u010dki koncert Eme Miodragovi\u0107 (viola) \u0107e biti odr\u017ean u ponedeljak, 3. jula od 21 \u010das u prostorijama galerije Aquarius u Mitrovici. Uz pratnju profesora Vere Gatalice (klavir), Ema \u0107e se predstaviti delima Georga Filipa Telemana, Henrija Elsa i Franca Bende, dok \u0107e njeni gosti D\u017eenana \u0160alji\u0107 (klavir) i Zerina Red\u017eepefendi\u0107 (klavir) koncert upotpuniti delima Erika Alfreda Leslija Satija i A\u0161il-Kloda<\/p>\n<p>Debisija. Kvalitetna muzika \u0107e uvek imati budu\u0107nost, a u prilog tome govore i sve pose\u0107eniji koncerti klasi\u010dne muzike koji su odr\u017eani u proteklim mesecima na na\u0161im prostorima. Ulaz za predstoje\u0107i koncert je slobodan ali su rezervacije obavezne.<\/p>\n","protected":false},"excerpt":{"rendered":"<p>Solisti\u010dki koncert Eme Miodragovi\u0107 (viola) \u0107e biti odr\u017ean u ponedeljak, 3. jula od 21 \u010das u prostorijama galerije Aquarius u Mitrovici. Uz pratnju profesora Vere Gatalice (klavir), Ema \u0107e se predstaviti delima Georga Filipa Telemana, Henrija Elsa i Franca Bende, dok \u0107e njeni gosti D\u017eenana \u0160alji\u0107 (klavir) i Zerina Red\u017eepefendi\u0107 (klavir) koncert upotpuniti delima Erika&hellip;<\/p>\n","protected":false},"author":2,"featured_media":2177,"comment_status":"open","ping_status":"open","sticky":false,"template":"","format":"standard","meta":{"footnotes":""},"categories":[2],"tags":[804,700],"class_list":["post-2175","post","type-post","status-publish","format-standard","has-post-thumbnail","hentry","category-news","tag-ema-miodragovic","tag-solisticki-koncert","category-2","description-off"],"_links":{"self":[{"href":"https:\/\/radiokfor.com\/2\/wp-json\/wp\/v2\/posts\/2175","targetHints":{"allow":["GET"]}}],"collection":[{"href":"https:\/\/radiokfor.com\/2\/wp-json\/wp\/v2\/posts"}],"about":[{"href":"https:\/\/radiokfor.com\/2\/wp-json\/wp\/v2\/types\/post"}],"author":[{"embeddable":true,"href":"https:\/\/radiokfor.com\/2\/wp-json\/wp\/v2\/users\/2"}],"replies":[{"embeddable":true,"href":"https:\/\/radiokfor.com\/2\/wp-json\/wp\/v2\/comments?post=2175"}],"version-history":[{"count":1,"href":"https:\/\/radiokfor.com\/2\/wp-json\/wp\/v2\/posts\/2175\/revisions"}],"predecessor-version":[{"id":2178,"href":"https:\/\/radiokfor.com\/2\/wp-json\/wp\/v2\/posts\/2175\/revisions\/2178"}],"wp:featuredmedia":[{"embeddable":true,"href":"https:\/\/radiokfor.com\/2\/wp-json\/wp\/v2\/media\/2177"}],"wp:attachment":[{"href":"https:\/\/radiokfor.com\/2\/wp-json\/wp\/v2\/media?parent=2175"}],"wp:term":[{"taxonomy":"category","embeddable":true,"href":"https:\/\/radiokfor.com\/2\/wp-json\/wp\/v2\/categories?post=2175"},{"taxonomy":"post_tag","embeddable":true,"href":"https:\/\/radiokfor.com\/2\/wp-json\/wp\/v2\/tags?post=2175"}],"curies":[{"name":"wp","href":"https:\/\/api.w.org\/{rel}","templated":true}]}}