{"id":21746,"date":"2023-08-30T12:38:59","date_gmt":"2023-08-30T10:38:59","guid":{"rendered":"https:\/\/radiokfor.com\/2\/?p=21746"},"modified":"2023-08-30T12:38:59","modified_gmt":"2023-08-30T10:38:59","slug":"niko-ne-bi-trebao-da-se-sam-nosi-sa-problemima-mentalnog-zdravlja","status":"publish","type":"post","link":"https:\/\/radiokfor.com\/2\/niko-ne-bi-trebao-da-se-sam-nosi-sa-problemima-mentalnog-zdravlja\/","title":{"rendered":"Niko ne bi trebao da se sam nosi sa problemima mentalnog zdravlja"},"content":{"rendered":"<p>Mentalno zdravlje je dragocen resurs koji zahteva pa\u017enju, razumevanje i podr\u0161ku. Iako dru\u0161tvo polako menja svoj odnos prema mentalnom zdravlju, jo\u0161 uvek postoji stigma i nerazumevanje koje mo\u017ee ote\u017eati suo\u010davanje s ovim izazovima. Zbog toga je va\u017eno ista\u0107i da niko ne bi trebalo da se sam nosi sa problemima mentalnog zdravlja.<\/p>\n<p>Suo\u010davanje sa ovim problemima zahteva hrabrost i podr\u0161ku. Osobe koje se ose\u0107aju anksiozno, depresivno ili pod stresom \u010desto se suo\u010davaju sa ose\u0107anjem usamljenosti i nerazumevanja. Otvoreni dijalog o mentalnom zdravlju mo\u017ee smanjiti ovu usamljenost. Prihvatanje podr\u0161ke od porodice, prijatelja ili profesionalaca omogu\u0107ava pojedincima da se ose\u0107aju manje optere\u0107eno i da se lak\u0161e nose sa tim izazovima. Edukacija o mentalnom zdravlju kao deo obrazovnog sistema bi mogao da bude va\u017ean korak u razumevanju i prevenciji mentalnih problema i bolesti.<\/p>\n<p>Mentalno zdravlje nije pojedina\u010dna stvar ve\u0107 kolektivna odgovornost odnosno problem celog dru\u0161tva i tako bi se valjalo odnositi prema njemu. Na kraju krajeva, razumevanje ovih problema \u0107e stvoriti ose\u0107ajnije i otvorenije dru\u0161tvo za sve njegove \u010dlanove.<\/p>\n","protected":false},"excerpt":{"rendered":"<p>Mentalno zdravlje je dragocen resurs koji zahteva pa\u017enju, razumevanje i podr\u0161ku. Iako dru\u0161tvo polako menja svoj odnos prema mentalnom zdravlju, jo\u0161 uvek postoji stigma i nerazumevanje koje mo\u017ee ote\u017eati suo\u010davanje s ovim izazovima. Zbog toga je va\u017eno ista\u0107i da niko ne bi trebalo da se sam nosi sa problemima mentalnog zdravlja. Suo\u010davanje sa ovim problemima&hellip;<\/p>\n","protected":false},"author":2,"featured_media":21747,"comment_status":"closed","ping_status":"closed","sticky":false,"template":"","format":"standard","meta":{"footnotes":""},"categories":[2],"tags":[],"class_list":["post-21746","post","type-post","status-publish","format-standard","has-post-thumbnail","hentry","category-news","category-2","description-off"],"_links":{"self":[{"href":"https:\/\/radiokfor.com\/2\/wp-json\/wp\/v2\/posts\/21746","targetHints":{"allow":["GET"]}}],"collection":[{"href":"https:\/\/radiokfor.com\/2\/wp-json\/wp\/v2\/posts"}],"about":[{"href":"https:\/\/radiokfor.com\/2\/wp-json\/wp\/v2\/types\/post"}],"author":[{"embeddable":true,"href":"https:\/\/radiokfor.com\/2\/wp-json\/wp\/v2\/users\/2"}],"replies":[{"embeddable":true,"href":"https:\/\/radiokfor.com\/2\/wp-json\/wp\/v2\/comments?post=21746"}],"version-history":[{"count":2,"href":"https:\/\/radiokfor.com\/2\/wp-json\/wp\/v2\/posts\/21746\/revisions"}],"predecessor-version":[{"id":21749,"href":"https:\/\/radiokfor.com\/2\/wp-json\/wp\/v2\/posts\/21746\/revisions\/21749"}],"wp:featuredmedia":[{"embeddable":true,"href":"https:\/\/radiokfor.com\/2\/wp-json\/wp\/v2\/media\/21747"}],"wp:attachment":[{"href":"https:\/\/radiokfor.com\/2\/wp-json\/wp\/v2\/media?parent=21746"}],"wp:term":[{"taxonomy":"category","embeddable":true,"href":"https:\/\/radiokfor.com\/2\/wp-json\/wp\/v2\/categories?post=21746"},{"taxonomy":"post_tag","embeddable":true,"href":"https:\/\/radiokfor.com\/2\/wp-json\/wp\/v2\/tags?post=21746"}],"curies":[{"name":"wp","href":"https:\/\/api.w.org\/{rel}","templated":true}]}}