{"id":21631,"date":"2023-08-12T00:01:38","date_gmt":"2023-08-11T22:01:38","guid":{"rendered":"https:\/\/radiokfor.com\/2\/?p=21631"},"modified":"2023-08-11T17:48:51","modified_gmt":"2023-08-11T15:48:51","slug":"medunarodni-dan-mladih-3","status":"publish","type":"post","link":"https:\/\/radiokfor.com\/2\/medunarodni-dan-mladih-3\/","title":{"rendered":"Me\u0111unarodni dan mladih"},"content":{"rendered":"<p>\u0160irom sveta danas se obele\u017eava Me\u0111unarodni dan mladih. Ovo je godi\u0161nji me\u0111unarodni doga\u0111aj koji se slavi 12. avgusta.<\/p>\n<p>Prvi put obele\u017een 2000. godine, dan ima svrhu da skrene pa\u017enju na probleme, kulturna i pravna pitanja omladine, u\u010denika, studenata.<\/p>\n<p>Dan je zami\u0161ljen kao prilika da se skrene pa\u017enja na pitanja mladih \u0161irom sveta. Koncerti, radionice, kulturne manifestacije i skupovi koje organizuju institucije i omladinske organizacije odr\u017eavaju se \u0161irom sveta u \u010dast ovog dana.<\/p>\n<p>Me\u0111unarodni dan mladih se ove godine obele\u017eava pod sloganom \u201cZelene ve\u0161tine za mlade: Ka odr\u017eivom svetu\u201d.<\/p>\n<p>&nbsp;<\/p>\n","protected":false},"excerpt":{"rendered":"<p>\u0160irom sveta danas se obele\u017eava Me\u0111unarodni dan mladih. Ovo je godi\u0161nji me\u0111unarodni doga\u0111aj koji se slavi 12. avgusta. Prvi put obele\u017een 2000. godine, dan ima svrhu da skrene pa\u017enju na probleme, kulturna i pravna pitanja omladine, u\u010denika, studenata. Dan je zami\u0161ljen kao prilika da se skrene pa\u017enja na pitanja mladih \u0161irom sveta. Koncerti, radionice, kulturne&hellip;<\/p>\n","protected":false},"author":7,"featured_media":21632,"comment_status":"closed","ping_status":"closed","sticky":false,"template":"","format":"standard","meta":{"footnotes":""},"categories":[2],"tags":[],"class_list":["post-21631","post","type-post","status-publish","format-standard","has-post-thumbnail","hentry","category-news","category-2","description-off"],"_links":{"self":[{"href":"https:\/\/radiokfor.com\/2\/wp-json\/wp\/v2\/posts\/21631","targetHints":{"allow":["GET"]}}],"collection":[{"href":"https:\/\/radiokfor.com\/2\/wp-json\/wp\/v2\/posts"}],"about":[{"href":"https:\/\/radiokfor.com\/2\/wp-json\/wp\/v2\/types\/post"}],"author":[{"embeddable":true,"href":"https:\/\/radiokfor.com\/2\/wp-json\/wp\/v2\/users\/7"}],"replies":[{"embeddable":true,"href":"https:\/\/radiokfor.com\/2\/wp-json\/wp\/v2\/comments?post=21631"}],"version-history":[{"count":1,"href":"https:\/\/radiokfor.com\/2\/wp-json\/wp\/v2\/posts\/21631\/revisions"}],"predecessor-version":[{"id":21633,"href":"https:\/\/radiokfor.com\/2\/wp-json\/wp\/v2\/posts\/21631\/revisions\/21633"}],"wp:featuredmedia":[{"embeddable":true,"href":"https:\/\/radiokfor.com\/2\/wp-json\/wp\/v2\/media\/21632"}],"wp:attachment":[{"href":"https:\/\/radiokfor.com\/2\/wp-json\/wp\/v2\/media?parent=21631"}],"wp:term":[{"taxonomy":"category","embeddable":true,"href":"https:\/\/radiokfor.com\/2\/wp-json\/wp\/v2\/categories?post=21631"},{"taxonomy":"post_tag","embeddable":true,"href":"https:\/\/radiokfor.com\/2\/wp-json\/wp\/v2\/tags?post=21631"}],"curies":[{"name":"wp","href":"https:\/\/api.w.org\/{rel}","templated":true}]}}