{"id":21623,"date":"2023-08-09T08:26:39","date_gmt":"2023-08-09T06:26:39","guid":{"rendered":"https:\/\/radiokfor.com\/2\/?p=21623"},"modified":"2023-08-09T08:26:39","modified_gmt":"2023-08-09T06:26:39","slug":"danas-je-svetski-dan-kolega","status":"publish","type":"post","link":"https:\/\/radiokfor.com\/2\/danas-je-svetski-dan-kolega\/","title":{"rendered":"Danas je Svetski dan kolega"},"content":{"rendered":"<p>Svakog 9. avgusta se obele\u017eava Svetski dan kolega. Zajedni\u010dki radni prostor, stvoren sa ciljem socijalizacije, koncept je koji je prvi uveo in\u017eenjer, Bred Beuberg 2005. godine.<\/p>\n<p>On je predlo\u017eio da prostorije preduzec\u0301a i institucija budu kolektivne, a ne individualne kancelarije, tako da su ovaj novi koncept rada prigrlila mnoga preduze\u0107a u svetu, povec\u0301avajuc\u0301i produktivnost ali i socijalizaciju na radnom mestu.<\/p>\n<p>&nbsp;<\/p>\n<p>&nbsp;<\/p>\n","protected":false},"excerpt":{"rendered":"<p>Svakog 9. avgusta se obele\u017eava Svetski dan kolega. Zajedni\u010dki radni prostor, stvoren sa ciljem socijalizacije, koncept je koji je prvi uveo in\u017eenjer, Bred Beuberg 2005. godine. On je predlo\u017eio da prostorije preduzec\u0301a i institucija budu kolektivne, a ne individualne kancelarije, tako da su ovaj novi koncept rada prigrlila mnoga preduze\u0107a u svetu, povec\u0301avajuc\u0301i produktivnost ali&hellip;<\/p>\n","protected":false},"author":6,"featured_media":21624,"comment_status":"closed","ping_status":"closed","sticky":false,"template":"","format":"standard","meta":{"footnotes":""},"categories":[2],"tags":[],"class_list":["post-21623","post","type-post","status-publish","format-standard","has-post-thumbnail","hentry","category-news","category-2","description-off"],"_links":{"self":[{"href":"https:\/\/radiokfor.com\/2\/wp-json\/wp\/v2\/posts\/21623","targetHints":{"allow":["GET"]}}],"collection":[{"href":"https:\/\/radiokfor.com\/2\/wp-json\/wp\/v2\/posts"}],"about":[{"href":"https:\/\/radiokfor.com\/2\/wp-json\/wp\/v2\/types\/post"}],"author":[{"embeddable":true,"href":"https:\/\/radiokfor.com\/2\/wp-json\/wp\/v2\/users\/6"}],"replies":[{"embeddable":true,"href":"https:\/\/radiokfor.com\/2\/wp-json\/wp\/v2\/comments?post=21623"}],"version-history":[{"count":1,"href":"https:\/\/radiokfor.com\/2\/wp-json\/wp\/v2\/posts\/21623\/revisions"}],"predecessor-version":[{"id":21625,"href":"https:\/\/radiokfor.com\/2\/wp-json\/wp\/v2\/posts\/21623\/revisions\/21625"}],"wp:featuredmedia":[{"embeddable":true,"href":"https:\/\/radiokfor.com\/2\/wp-json\/wp\/v2\/media\/21624"}],"wp:attachment":[{"href":"https:\/\/radiokfor.com\/2\/wp-json\/wp\/v2\/media?parent=21623"}],"wp:term":[{"taxonomy":"category","embeddable":true,"href":"https:\/\/radiokfor.com\/2\/wp-json\/wp\/v2\/categories?post=21623"},{"taxonomy":"post_tag","embeddable":true,"href":"https:\/\/radiokfor.com\/2\/wp-json\/wp\/v2\/tags?post=21623"}],"curies":[{"name":"wp","href":"https:\/\/api.w.org\/{rel}","templated":true}]}}