{"id":2162,"date":"2017-07-31T13:25:55","date_gmt":"2017-07-31T13:25:55","guid":{"rendered":"http:\/\/radiokfor.com\/2\/?p=2162"},"modified":"2018-12-10T13:32:53","modified_gmt":"2018-12-10T13:32:53","slug":"obelezavanje-dana-mladih-u-gracanici","status":"publish","type":"post","link":"https:\/\/radiokfor.com\/2\/obelezavanje-dana-mladih-u-gracanici\/","title":{"rendered":"Obele\u017eavanje Dana mladih u Gra\u010danici"},"content":{"rendered":"<p>Me\u0111unarodni dan mladih\u00a0se obele\u017eava od 2000. godine svakog 12. avgusta i ima za cilj da skrene pa\u017enju na probleme, kulturna i pravna pitanja omladine, u\u010denika, studenata\u2026<\/p>\n<p>Povodom Dana mladih 12. avgusta \u201cMlada aktivna Gra\u010danica\u201d poziva lokalne bendove, DJ-eve i ostale muzi\u010dke umetnike da po\u0161alju svoje ponude na\u00a0<a href=\"mailto:mladagracanica@gmail.com\">mladagracanica@gmail.com<\/a>ako \u017eele da budu deo programa obele\u017eavanja.<\/p>\n<p>Ponuda treba da sadr\u017ei li\u010dnu prezentaciju (linkove ka kanaluYouTube ili Facebook stranici koja dokazuje kredibilitet autora) i cenu aran\u017emana za 12. avgust. Rok za slanje ponuda je 31. jul 2017.<\/p>\n<p>&nbsp;<\/p>\n","protected":false},"excerpt":{"rendered":"<p>Me\u0111unarodni dan mladih\u00a0se obele\u017eava od 2000. godine svakog 12. avgusta i ima za cilj da skrene pa\u017enju na probleme, kulturna i pravna pitanja omladine, u\u010denika, studenata\u2026 Povodom Dana mladih 12. avgusta \u201cMlada aktivna Gra\u010danica\u201d poziva lokalne bendove, DJ-eve i ostale muzi\u010dke umetnike da po\u0161alju svoje ponude na\u00a0mladagracanica@gmail.comako \u017eele da budu deo programa obele\u017eavanja. Ponuda treba&hellip;<\/p>\n","protected":false},"author":2,"featured_media":979,"comment_status":"open","ping_status":"open","sticky":false,"template":"","format":"standard","meta":{"footnotes":""},"categories":[2],"tags":[800,251],"class_list":["post-2162","post","type-post","status-publish","format-standard","has-post-thumbnail","hentry","category-news","tag-dan-mladih","tag-mlada-aktivna-gracanica","category-2","description-off"],"_links":{"self":[{"href":"https:\/\/radiokfor.com\/2\/wp-json\/wp\/v2\/posts\/2162","targetHints":{"allow":["GET"]}}],"collection":[{"href":"https:\/\/radiokfor.com\/2\/wp-json\/wp\/v2\/posts"}],"about":[{"href":"https:\/\/radiokfor.com\/2\/wp-json\/wp\/v2\/types\/post"}],"author":[{"embeddable":true,"href":"https:\/\/radiokfor.com\/2\/wp-json\/wp\/v2\/users\/2"}],"replies":[{"embeddable":true,"href":"https:\/\/radiokfor.com\/2\/wp-json\/wp\/v2\/comments?post=2162"}],"version-history":[{"count":1,"href":"https:\/\/radiokfor.com\/2\/wp-json\/wp\/v2\/posts\/2162\/revisions"}],"predecessor-version":[{"id":2164,"href":"https:\/\/radiokfor.com\/2\/wp-json\/wp\/v2\/posts\/2162\/revisions\/2164"}],"wp:featuredmedia":[{"embeddable":true,"href":"https:\/\/radiokfor.com\/2\/wp-json\/wp\/v2\/media\/979"}],"wp:attachment":[{"href":"https:\/\/radiokfor.com\/2\/wp-json\/wp\/v2\/media?parent=2162"}],"wp:term":[{"taxonomy":"category","embeddable":true,"href":"https:\/\/radiokfor.com\/2\/wp-json\/wp\/v2\/categories?post=2162"},{"taxonomy":"post_tag","embeddable":true,"href":"https:\/\/radiokfor.com\/2\/wp-json\/wp\/v2\/tags?post=2162"}],"curies":[{"name":"wp","href":"https:\/\/api.w.org\/{rel}","templated":true}]}}