{"id":21461,"date":"2023-07-22T00:59:03","date_gmt":"2023-07-21T22:59:03","guid":{"rendered":"https:\/\/radiokfor.com\/2\/?p=21461"},"modified":"2023-07-20T17:26:22","modified_gmt":"2023-07-20T15:26:22","slug":"danas-je-svetski-dan-mozga","status":"publish","type":"post","link":"https:\/\/radiokfor.com\/2\/danas-je-svetski-dan-mozga\/","title":{"rendered":"Danas je Svetski dan mozga"},"content":{"rendered":"<p>Svetski dan mozga, koji se obele\u017eava svake godine 22. jula, ima za cilj da pove\u0107a svest o va\u017enosti zdravlja mozga i potrebi za njegovom za\u0161titom. Mozak je najva\u017eniji organ u ljudskom telu, jer upravlja svim na\u0161im funkcijama, mislima, ose\u0107anjima i pokretima.<\/p>\n<p>Ovaj globalni doga\u0111aj okuplja nau\u010dnike, medicinske stru\u010dnjake i organizacije \u0161irom sveta kako bi se promovisalo razumevanje mozga, njegovih bolesti i poreme\u0107aja, kao i va\u017enost prevencije i pravovremene dijagnoze.<\/p>\n<p>Alchajmerova bolest, mo\u017edani udari, epilepsija, migrene, depresija i anksioznost samo su neki od problema koji mogu uticati na zdravlje mozga. Rano prepoznavanje simptoma i brza reakcija od vitalnog su zna\u010daja za spre\u010davanje dugoro\u010dnih posledica ovih stanja. Kroz ovaj dan, apelujemo na ljude da vode brigu o svom mozgu i mozgu svojih bli\u017enjih. Redovna fizi\u010dka aktivnost, uravnote\u017eena ishrana, mentalni izazovi i socijalna povezanost samo su neki od klju\u010dnih faktora koji mogu doprineti o\u010duvanju zdravlja mozga.<\/p>\n<p>Tema Dana ove godine je: \u201dNe ostavljajte nikog iza sebe\u201d, i bi\u0107e obele\u017een raznim manifestacijama \u0161irom sveta.<\/p>\n","protected":false},"excerpt":{"rendered":"<p>Svetski dan mozga, koji se obele\u017eava svake godine 22. jula, ima za cilj da pove\u0107a svest o va\u017enosti zdravlja mozga i potrebi za njegovom za\u0161titom. Mozak je najva\u017eniji organ u ljudskom telu, jer upravlja svim na\u0161im funkcijama, mislima, ose\u0107anjima i pokretima. Ovaj globalni doga\u0111aj okuplja nau\u010dnike, medicinske stru\u010dnjake i organizacije \u0161irom sveta kako bi se&hellip;<\/p>\n","protected":false},"author":2,"featured_media":21462,"comment_status":"closed","ping_status":"closed","sticky":false,"template":"","format":"standard","meta":{"footnotes":""},"categories":[2],"tags":[],"class_list":["post-21461","post","type-post","status-publish","format-standard","has-post-thumbnail","hentry","category-news","category-2","description-off"],"_links":{"self":[{"href":"https:\/\/radiokfor.com\/2\/wp-json\/wp\/v2\/posts\/21461","targetHints":{"allow":["GET"]}}],"collection":[{"href":"https:\/\/radiokfor.com\/2\/wp-json\/wp\/v2\/posts"}],"about":[{"href":"https:\/\/radiokfor.com\/2\/wp-json\/wp\/v2\/types\/post"}],"author":[{"embeddable":true,"href":"https:\/\/radiokfor.com\/2\/wp-json\/wp\/v2\/users\/2"}],"replies":[{"embeddable":true,"href":"https:\/\/radiokfor.com\/2\/wp-json\/wp\/v2\/comments?post=21461"}],"version-history":[{"count":2,"href":"https:\/\/radiokfor.com\/2\/wp-json\/wp\/v2\/posts\/21461\/revisions"}],"predecessor-version":[{"id":21464,"href":"https:\/\/radiokfor.com\/2\/wp-json\/wp\/v2\/posts\/21461\/revisions\/21464"}],"wp:featuredmedia":[{"embeddable":true,"href":"https:\/\/radiokfor.com\/2\/wp-json\/wp\/v2\/media\/21462"}],"wp:attachment":[{"href":"https:\/\/radiokfor.com\/2\/wp-json\/wp\/v2\/media?parent=21461"}],"wp:term":[{"taxonomy":"category","embeddable":true,"href":"https:\/\/radiokfor.com\/2\/wp-json\/wp\/v2\/categories?post=21461"},{"taxonomy":"post_tag","embeddable":true,"href":"https:\/\/radiokfor.com\/2\/wp-json\/wp\/v2\/tags?post=21461"}],"curies":[{"name":"wp","href":"https:\/\/api.w.org\/{rel}","templated":true}]}}